{"id":979,"date":"2020-05-02T15:57:08","date_gmt":"2020-05-02T18:57:08","guid":{"rendered":"http:\/\/161.35.11.199\/?p=979"},"modified":"2020-05-02T15:57:08","modified_gmt":"2020-05-02T18:57:08","slug":"caravana-jesus-no-lar","status":"publish","type":"post","link":"https:\/\/www.revistaautadesouza.com\/index.php\/2020\/05\/02\/caravana-jesus-no-lar\/","title":{"rendered":"Caravana Jesus no Lar"},"content":{"rendered":"\n<p>Disse Jesus: &#8220;Ide por todo o mundo, e pregai o Evangelho a toda criatura\u201d (Marcos, 16: 15).<\/p>\n\n\n\n<div class=\"wp-block-image\"><figure class=\"alignleft size-large is-resized\"><img loading=\"lazy\" src=\"http:\/\/161.35.11.199\/wp-content\/uploads\/2020\/05\/Jesusnasuacasa-03_02_2018.jpg\" alt=\"\" class=\"wp-image-980\" width=\"417\" height=\"313\" srcset=\"https:\/\/www.revistaautadesouza.com\/wp-content\/uploads\/2020\/05\/Jesusnasuacasa-03_02_2018.jpg 800w, https:\/\/www.revistaautadesouza.com\/wp-content\/uploads\/2020\/05\/Jesusnasuacasa-03_02_2018-300x225.jpg 300w, https:\/\/www.revistaautadesouza.com\/wp-content\/uploads\/2020\/05\/Jesusnasuacasa-03_02_2018-768x576.jpg 768w\" sizes=\"(max-width: 417px) 100vw, 417px\" \/><\/figure><\/div>\n\n\n\n<p>Imagine um trabalho na Doutrina Esp\u00edrita em que, al\u00e9m de fazer a caridade e auxiliar o pr\u00f3ximo, que nem sempre sabe onde buscar ajuda, voc\u00ea tamb\u00e9m divulga o Espiritismo! Assim \u00e9 a Caravana Jesus no Lar. Uma atividade do Centro Esp\u00edrita que sai \u00e0s ruas levando a mensagem esp\u00edrita e oferecendo o Culto do Evangelho nos lares, despertando a esperan\u00e7a e o consolo nos cora\u00e7\u00f5es sofridos.<\/p>\n\n\n\n<p>\u201cEm vossos dias, o Espiritismo, que representa o Consolador prometido pelo Cristo aos s\u00e9culos posteriores \u00e0 sua vinda ao mundo, \u00e9 uma extraordin\u00e1ria mensagem do C\u00e9u \u00e0 Terra, e faz-se necess\u00e1rio aquilatar-lhe o valor.<\/p>\n\n\n\n<p>Ainda existem multid\u00f5es de Esp\u00edritos rebeldes, por\u00e9m, a consci\u00eancia terrena, em suas caracter\u00edsticas gerais, est\u00e1 agora apta a receber, depois de tantos anos de lutas, o conhecimento espiritual que lhe far\u00e1 desprezar os \u00faltimos resqu\u00edcios da materialidade inconsciente, aprendendo a discernir os seus erros. Espalhando a boa nova da imortalidade a doutrina de amor abrir\u00e1 novos horizontes \u00e0 esperan\u00e7a dos homens, conduzindo-os \u00e0 aquisi\u00e7\u00e3o do tesouro espiritual, reservado por Deus a todas as suas criaturas.<\/p>\n\n\n\n<p>Quando todos os homens compreenderem o sentido de suas magn\u00edficas li\u00e7\u00f5es, o vosso planeta ter\u00e1 atingido uma nova fase evolutiva e o Espiritismo ter\u00e1 conclu\u00eddo, entre v\u00f3s, a sua sagrada e gloriosa miss\u00e3o.\u201d (Emmanuel. <em>Emmanuel<\/em>. Psicografia de Francisco C\u00e2ndido Xavier. Cap. XXXI)<\/p>\n\n\n\n<p><strong>IMPORT\u00c2NCIA DESSE TRABALHO<\/strong><\/p>\n\n\n\n<p>\u201cLembra-te deles, os quase loucos de sofrimento, e trabalha para que a Doutrina Esp\u00edrita lhes estenda socorro oportuno. Para isso, estudemos Allan Kardec, ao clar\u00e3o da mensagem de Jesus Cristo, e, seja no exemplo ou na atitude, na a\u00e7\u00e3o ou na palavra, recordemos que o Espiritismo nos solicita uma esp\u00e9cie permanente de caridade \u2013 a caridade da sua pr\u00f3pria divulga\u00e7\u00e3o.\u201d (Andr\u00e9 Luiz. <em>Estude e viva<\/em>. Psicografia de Francisco C\u00e2ndido Xavier. Cap.40)<\/p>\n\n\n\n<p><strong>OBJETIVOS DA CARAVANA JESUS NO LAR<\/strong><\/p>\n\n\n\n<ul><li>\u201cDivulgar a Doutrina Esp\u00edrita nos lares, por interm\u00e9dio do exemplo, da mensagem escrita e falada.<\/li><li>Propiciar tratamento desobssessivo aos lares visitados, bem como dos caravaneiros que a realizam.<\/li><li>Oportunizar meios de reajuste, aux\u00edlio e reforma \u00edntima dos trabalhadores e tamb\u00e9m dos desencarnados necessitados.<\/li><li>Assistir os lares visitados, por meio da realiza\u00e7\u00e3o do culto do Evangelho do Lar.<\/li><li>Identificar casos de infort\u00fanios ocultos nos lares visitados, e dar o devido encaminhamento para o setor especializado da casa esp\u00edrita.<\/li><li>Convidar \u00e0s palestras p\u00fablicas, evangeliza\u00e7\u00e3o infantil, a divulga\u00e7\u00e3o, etc.\u201d (Trabalhando na divulga\u00e7\u00e3o esp\u00edrita p.127)<\/li><\/ul>\n\n\n\n<p><strong>MATERIAIS DE TRABALHO<\/strong><\/p>\n\n\n\n<p>Os materiais de trabalho da Caravana Jesus no Lar s\u00e3o os seguintes:<\/p>\n\n\n\n<p>a) MENSAGENS ESP\u00cdRITAS<\/p>\n\n\n\n<p>b) O EVANGELHO SEGUNDO O ESPIRITISMO<\/p>\n\n\n\n<p>\u00c9 indispens\u00e1vel para a realiza\u00e7\u00e3o do trabaho, realizado no instante da realiza\u00e7\u00e3o do Culto do Evangelho no Lar. Se poss\u00edvel, ter sempre dispon\u00edvel, alguns exemplares para serem doados \u00e0s fam\u00edlias que se mostrarem receptivas<\/p>\n\n\n\n<p>c) CRACH\u00c1S<\/p>\n\n\n\n<p>d) PAP\u00c9IS DE RASCUNHO PARA ANOTAR OS ENDERE\u00c7OS DOS CULTOS MARCADOS<\/p>\n\n\n\n<p>e) CANETAS<\/p>\n\n\n\n<p>f) MAPAS DOS LOCAIS A SEREM VISITADOS<\/p>\n\n\n\n<p>g) PASTA CONTENDO A FICHA DE FREQU\u00caNCIA DOS CARAVANEIROS E OS RELAT\u00d3RIOS DO TRABALHO<\/p>\n\n\n\n<p>\u201cEsta pasta dever\u00e1 conter as fichas de controle do trabalho, estando todas as informa\u00e7\u00f5es devidamente atualizadas, pronta para ser utilizada a qualquer tempo.<\/p>\n\n\n\n<p>Ao iniciar o trabalho, o dirigente desta atividade dever\u00e1 estar em posse desta pasta para melhor conduzir a Jesus no Lar planejada para o dia.\u201d (Trabalhando na divulga\u00e7\u00e3o esp\u00edrita, p.129)<\/p>\n\n\n\n<p><strong>METODOLOGIA<\/strong><\/p>\n\n\n\n<p><strong>1) PLANEJAMENTO<\/strong><\/p>\n\n\n\n<p>\u201cA obra do bem em que te encontras empenhado n\u00e3o pode prescindir de planejamento.\u201d (Joanna de \u00c2ngelis. <em>Esp\u00edrito e vida<\/em>. Psicografia de Divaldo P. Franco. Cap. 38)<\/p>\n\n\n\n<p>\u201c\u00c9 imprescind\u00edvel que se planeje as a\u00e7\u00f5es. Recomenda-se planejar a sequ\u00eancia das quadras que ser\u00e3o visitadas, os t\u00edtulos e textos das mensagens que ser\u00e3o distribu\u00eddas, o tempo de dura\u00e7\u00e3o do trabalho, etc., (tempo de distribui\u00e7\u00e3o, quantidade m\u00e1xima de cultos a serem realizados, em fun\u00e7\u00e3o do tempo dispon\u00edvel).\u201d (Trabalhando na divulga\u00e7\u00e3o esp\u00edrita, p.129)<\/p>\n\n\n\n<p><strong>2) IN\u00cdCIO DO TRABALHO<\/strong><\/p>\n\n\n\n<p>\u201cProferir a prece inicial e a prece final nas reuni\u00f5es doutrin\u00e1rias, facilitando-se, dessa forma, a liga\u00e7\u00e3o com os Benfeitores da Vida Maior. <\/p>\n\n\n\n<p>A prece entrela\u00e7a os Esp\u00edritos.\u201d (Andr\u00e9 Luiz. Conduta esp\u00edrita. Psicografia de Francisco C\u00e2ndido Xavier. Cap. 26)<\/p>\n\n\n\n<p><strong>3) ESTUDO PREPARAT\u00d3RIO<\/strong><\/p>\n\n\n\n<p>Antes de sair para as visitas domiciliares, os caravaneiros dever\u00e3o receber um estudo preparat\u00f3rio condizente com a natureza da atividade que eles realizam.<\/p>\n\n\n\n<p><strong>4) DESLOCAMENTO PARA O LOCAL DE TRABALHO<\/strong><\/p>\n\n\n\n<p>\u201cOs Caravaneiros, ao se deslocarem para o local previamente estabelecido para realizar o trabalho do dia, n\u00e3o devem esquecer a orienta\u00e7\u00e3o de Andr\u00e9 Luiz, na obra Sinal Verde, que a rua \u00e9 um departamento importante da escola do mundo, onde cada criatura pode ensinar e aprender.<\/p>\n\n\n\n<p>Recomenda-se que o trabalhador da Divulga\u00e7\u00e3o adote postura de disciplina e educa\u00e7\u00e3o como diretrizes de sua conduta nas ruas.\u201d (Trabalhando na divulga\u00e7\u00e3o esp\u00edrita, p.132)<\/p>\n\n\n\n<p><strong>5) COORDENA\u00c7\u00c3O DO TRABALHO NAS RUAS<\/strong><\/p>\n\n\n\n<p>\u201cO trabalho de visita aos lares deve ter um ou mais coordenadores, que dever\u00e3o indicar as casas a serem abordadas, receber das duplas de caravaneiro a rela\u00e7\u00e3o dos cultos j\u00e1 contactados, solucionar qualquer d\u00favida ou problema, repassar mensagens ou outro material que faltar, enfim, ser o elemento de orienta\u00e7\u00e3o e harmonia entre a equipe e a atividade programada.\u201d (Trabalhando na divulga\u00e7\u00e3o esp\u00edrita, p.132)<\/p>\n\n\n\n<p><strong>6) DISTRIBUI\u00c7\u00c3O DE MENSAGEM NOS LARES<\/strong><\/p>\n\n\n\n<p>\u201cA dupla de caravaneiros, ao bater numa porta, deve manter o pensamento sintonizado com o Alto, rogando a Deus que aben\u00e7oe a fam\u00edlia ora visitada. Nesse momento, lembrar que os bons esp\u00edritos que nos acompanham, poder\u00e3o operar socorro que a provid\u00eancia divina assim determinar.<\/p>\n\n\n\n<p>Ao ser atendido por algu\u00e9m, dizer:<\/p>\n\n\n\n<p>N\u00f3s somos da Caravana Jesus no Lar, pertencemos ao Centro Esp\u00edrita tal\u2026, e estamos fazendo um trabalho de distribui\u00e7\u00e3o de mensagens que falam sobre determinado assunto.\u201d (Trabalhando na divulga\u00e7\u00e3o esp\u00edrita, p.132)<\/p>\n\n\n\n<p><strong>7) IDENTIFICA\u00c7\u00c3O DOS CULTOS NOS LARES<\/strong><\/p>\n\n\n\n<p>\u201cAp\u00f3s entregar as mensagens \u00e0s pessoas que nos atenderem, oferecer o Culto do Evangelho no Lar, explicando que se trata de uma prece em benef\u00edcio de sua fam\u00edlia e com dura\u00e7\u00e3o em torno de 15 a 20 minutos.<\/p>\n\n\n\n<p>Se a resposta for positiva, anotar o endere\u00e7o e o nome do contato numa ficha apropriada, dizendo que voltaremos daqui alguns instantes para o culto.\u201d (Trabalhando na divulga\u00e7\u00e3o esp\u00edrita, p.133)<\/p>\n\n\n\n<p>\u201cQuando a fam\u00edlia ora, Jesus se demora na casa. Quando os cora\u00e7\u00f5es se unem nos liames da F\u00e9, o equil\u00edbrio oferta b\u00ean\u00e7\u00e3os de consolo e a sa\u00fade derrama vinho de paz para todos.\u201d (Joanna de \u00c2ngelis. <em>Messe de amor<\/em>. Psicografia de Divaldo Pereira Franco.)<\/p>\n\n\n\n<p><strong>8) DIVIS\u00c3O DOS CARAVANEIROS PARA OS CULTOS<\/strong><\/p>\n\n\n\n<p>\u201cAo encerrar o trabalho de districui\u00e7\u00e3o de mensagens, reunir os caravaneiros, fazendo o levantamento e divis\u00e3o dos cultos que foram marcados com aqueles que possu\u00edrem condi\u00e7\u00f5es de dirig\u00ed-los.\u201d (Trabalhando na divulga\u00e7\u00e3o esp\u00edrita, p.133)<\/p>\n\n\n\n<div class=\"wp-block-image\"><figure class=\"alignleft size-large is-resized\"><img loading=\"lazy\" src=\"http:\/\/161.35.11.199\/wp-content\/uploads\/2020\/05\/com-a-biblia-nas-maos-lendo.jpg\" alt=\"\" class=\"wp-image-983\" width=\"420\" height=\"264\" srcset=\"https:\/\/www.revistaautadesouza.com\/wp-content\/uploads\/2020\/05\/com-a-biblia-nas-maos-lendo.jpg 640w, https:\/\/www.revistaautadesouza.com\/wp-content\/uploads\/2020\/05\/com-a-biblia-nas-maos-lendo-300x189.jpg 300w\" sizes=\"(max-width: 420px) 100vw, 420px\" \/><\/figure><\/div>\n\n\n\n<p><strong>9) CULTO DO EVANGELHO NO LAR<\/strong><\/p>\n\n\n\n<p>\u201cAntes de iniciar o Culto do Evangelho no Lar, explicar as suas origens, objetivos, benef\u00edcios e a metodologia a ser empregada, bem como as ressalvas quanto \u00e0s manifesta\u00e7\u00f5es medi\u00fanicas.\u201d (Trabalhando na divulga\u00e7\u00e3o esp\u00edrita, p.133)<\/p>\n\n\n\n<p><strong>10) RETORNO PARA O CENTRO ESP\u00cdRITA<\/strong><\/p>\n\n\n\n<p>\u201cAo encerrar os cultos nos lares, os caravaneiros dever\u00e3o retornar para o Centro Esp\u00edrita com o mesmo entusiasmo e alegria do in\u00edcio, com a finalidade de procederem o encerramento do trabalho.\u201d (Trabalhando na divulga\u00e7\u00e3o esp\u00edrita, p.133)<\/p>\n\n\n\n<p><strong>11) AVALIA\u00c7\u00c3O E PREENCHIMENTO DOS RELAT\u00d3RIOS<\/strong><\/p>\n\n\n\n<p>\u201cDe volta ao Centro Esp\u00edrita, os Caravaneiros dever\u00e3o fazer a avalia\u00e7\u00e3o do trabalho, levantando os pontos positivos e aqueles que precisam ser melhorados.<\/p>\n\n\n\n<p>Os dados coletados da avalia\u00e7\u00e3o dever\u00e3o ser anotados nas fichas-relat\u00f3rio, para que sejam arquivados e sirvam de subs\u00eddios para o planejamento das atividades.\u201d (Trabalhando na divulga\u00e7\u00e3o esp\u00edrita, p.134)<\/p>\n\n\n\n<p>\u201cTodos estes trabalhos s\u00e3o preparat\u00f3rios de outros mais edificantes que vos testemunhem n\u00e3o ser de todo improdutivo o vosso labor que, como sabeis, se desenvolve nos dois planos, no plano material e no plano espiritual.\u201d (Francisco Thiesen. <em>No o\u00e1sis de Ismael: ensinos e medita\u00e7\u00f5es<\/em>)<\/p>\n\n\n\n<p><strong>12) PRECE DE ENCERRAMENTO<\/strong><\/p>\n\n\n\n<p>FONTE: Trabalhando na divulga\u00e7\u00e3o esp\u00edrita<\/p>\n\n\n\n<p><a href=\"http:\/\/www.editoraautadesouza.com.br\/index.asp?idproduto=63204\">http:\/\/www.editoraautadesouza.com.br\/index.asp?idproduto=63204<\/a><\/p>\n\n\n\n<p><\/p>\n\n\n\n<p><\/p>\n\n\n\n<p><\/p>\n","protected":false},"excerpt":{"rendered":"<p>Disse Jesus: &#8220;Ide por todo o mundo, e pregai o Evangelho a toda criatura\u201d (Marcos, 16: 15). Imagine um trabalho na Doutrina Esp\u00edrita em que, al\u00e9m de fazer a caridade e auxiliar o pr\u00f3ximo, que nem sempre sabe onde buscar ajuda, voc\u00ea tamb\u00e9m divulga o Espiritismo! Assim \u00e9 a Caravana Jesus no Lar. Uma atividade [&hellip;]<\/p>\n","protected":false},"author":5,"featured_media":986,"comment_status":"open","ping_status":"open","sticky":false,"template":"","format":"standard","meta":[],"categories":[5],"tags":[],"amp_enabled":true,"_links":{"self":[{"href":"https:\/\/www.revistaautadesouza.com\/index.php\/wp-json\/wp\/v2\/posts\/979"}],"collection":[{"href":"https:\/\/www.revistaautadesouza.com\/index.php\/wp-json\/wp\/v2\/posts"}],"about":[{"href":"https:\/\/www.revistaautadesouza.com\/index.php\/wp-json\/wp\/v2\/types\/post"}],"author":[{"embeddable":true,"href":"https:\/\/www.revistaautadesouza.com\/index.php\/wp-json\/wp\/v2\/users\/5"}],"replies":[{"embeddable":true,"href":"https:\/\/www.revistaautadesouza.com\/index.php\/wp-json\/wp\/v2\/comments?post=979"}],"version-history":[{"count":0,"href":"https:\/\/www.revistaautadesouza.com\/index.php\/wp-json\/wp\/v2\/posts\/979\/revisions"}],"wp:featuredmedia":[{"embeddable":true,"href":"https:\/\/www.revistaautadesouza.com\/index.php\/wp-json\/wp\/v2\/media\/986"}],"wp:attachment":[{"href":"https:\/\/www.revistaautadesouza.com\/index.php\/wp-json\/wp\/v2\/media?parent=979"}],"wp:term":[{"taxonomy":"category","embeddable":true,"href":"https:\/\/www.revistaautadesouza.com\/index.php\/wp-json\/wp\/v2\/categories?post=979"},{"taxonomy":"post_tag","embeddable":true,"href":"https:\/\/www.revistaautadesouza.com\/index.php\/wp-json\/wp\/v2\/tags?post=979"}],"curies":[{"name":"wp","href":"https:\/\/api.w.org\/{rel}","templated":true}]}}