{"id":884,"date":"2020-04-30T11:55:36","date_gmt":"2020-04-30T14:55:36","guid":{"rendered":"http:\/\/161.35.11.199\/?p=884"},"modified":"2020-04-30T11:55:57","modified_gmt":"2020-04-30T14:55:57","slug":"arte-no-plano-espiritual-a-cidade-universitaria","status":"publish","type":"post","link":"https:\/\/www.revistaautadesouza.com\/index.php\/2020\/04\/30\/arte-no-plano-espiritual-a-cidade-universitaria\/","title":{"rendered":"Arte no Plano Espiritual &#8211; A Cidade Universit\u00e1ria"},"content":{"rendered":"\n<p>Constataremos a seguir que na Cidade da Arte, ap\u00f3s alguns anos de atua\u00e7\u00e3o nos diferentes setores de caridade, enxugando uma e outra l\u00e1grima, era concedido a todos a oportunidade de expressar suas experi\u00eancias adquiridas no apostolado da sublime fraternidade.<\/p>\n\n\n\n<p>&#8220;A cada li\u00e7\u00e3o do Evangelho do Senhor, esplanada pelo jovem catedr\u00e1tico, a cada exemplo apreciado do Mestre Inesquec\u00edvel, seguiam-se testemunhos nossos, na pr\u00e1tica entre os humanos e os desventurados sofredores, assim como an\u00e1lises atrav\u00e9s de temas que dever\u00edamos desenvolver e apresentar a uma junta examinadora a qual verificaria nosso aproveitamento e compreens\u00e3o da mat\u00e9ria.<\/p>\n\n\n\n<p>Freq\u00fcentemente, pois, produz\u00edamos pe\u00e7as vazadas em temas elevados e inspirados no Evangelho, na Moral como na Ci\u00eancia, romances, poemas, notici\u00e1rios, etc.<\/p>\n\n\n\n<p>Uma vez aprovados, estes trabalhos poderiam ser por n\u00f3s ditados ou revelados aos homens porquanto instrutivos e educativos, conveniente, por isso mesmo, \u00e0 sua regenera\u00e7\u00e3o; e o far\u00edamos atrav\u00e9s da operosidade medi\u00fanica, subordinados a uma filosofia, ou servindo-nos de sugest\u00f5es e inspira\u00e7\u00f5es a qualquer mentalidade s\u00e9ria capaz de captar-nos as id\u00e9ias em torno de assuntos moralizadores ou instrutivos.<\/p>\n\n\n\n<p>E quando reprovados repetir\u00edamos a experi\u00eancia at\u00e9 concordar plenamente o tema com a Verdade que espos\u00e1vamos e tamb\u00e9m com as express\u00f5es da Arte, de que n\u00e3o poder\u00edamos prescindir.<\/p>\n\n\n\n<p>Os dias consagrados a tais exames eram festivos para todo o Burgo da Esperan\u00e7a. Leg\u00edtimos certames de uma Arte Sagrada \u2013 a do Bem &#8211; o encanto que de tais reuni\u00f5es se destacava ultrapassava todas as concep\u00e7\u00f5es de beleza que antes poder\u00edamos ter!<\/p>\n\n\n\n<p>Esfor\u00e7avam-se os vigilantes na decora\u00e7\u00e3o dos ambientes, na qual entravam jogos e feitos de luzes transcendentes indescrit\u00edveis em linguagem humana, enquanto luminares de nossa Col\u00f4nia, como Te\u00f3crito, Ramiro de Guzman e An\u00edbal de Silas se revelavam artistas portadores de dons superiores, quer na literatura como na m\u00fasica e orat\u00f3ria descritiva, isto \u00e9, na exposi\u00e7\u00e3o mental, atrav\u00e9s de imagens, das produ\u00e7\u00f5es pr\u00f3prias.<\/p>\n\n\n\n<p>De outras esferas vizinhas desciam caravanas fraternas a emprestarem brilho art\u00edstico e confortativo \u00e0s nossas experimenta\u00e7\u00f5es.<\/p>\n\n\n\n<p>Nomes que na Terra se pronunciam com respeito e admira\u00e7\u00e3o acorriam bondosamente a reanimar-nos para o progresso, ativando em nossos cora\u00e7\u00f5es hum\u00edlimos o desejo de prosseguir nas pelejas promissoras.<\/p>\n\n\n\n<p>N\u00e3o faltaram mesmo em tais assembl\u00e9ias o est\u00edmulo genial de vultos como Vitor Hugo e Frederic Chopin \u2013 este \u00faltimo considerado suicida na P\u00e1tria Espiritual, dado descaso com que se ativera relativamente \u00e0 pr\u00f3pria sa\u00fade corporal; ambos, como muitos outros, cujos nomes surpreenderiam igualmente o leitor, exprimiam a magia dos seus pensamentos, dilatados pelas aquisi\u00e7\u00f5es de longo per\u00edodo na Espiritualidade, atrav\u00e9s de cria\u00e7\u00f5es intraduz\u00edveis para as aprecia\u00e7\u00f5es humanas do momento!<\/p>\n\n\n\n<p>Tivemos, assim, ocasi\u00e3o de ouvir o grande compositor que viveu na Terra mais de uma experi\u00eancia carnal, sempre consagrado \u00e0 Arte ou as Belas-Letras, as suas melhores energias mentais, traduzir sua m\u00fasica em imagens e narra\u00e7\u00f5es, numa variedade atordoadora de temas, enquanto que o g\u00eanio de Hugo mostrava em li\u00e7\u00f5es inapreci\u00e1veis de beleza e instru\u00e7\u00e3o a realidade mental de suas cria\u00e7\u00f5es liter\u00e1rias!<\/p>\n\n\n\n<p>O poder criador desta mentalidade, a quem a Terra ainda n\u00e3o esqueceu e e que a ela voltar\u00e1 ainda a servi\u00e7o da Verdade, servindo-a sob prismas surpreendentes, verdadeira miss\u00e3o art\u00edstica a servi\u00e7o dAquele que \u00e9 a Suprema Beleza, deslumbrava nossa sensibilidade at\u00e9 as l\u00e1grimas, atraindo-nos para a adora\u00e7\u00e3o ao Ser Divino porventura com id\u00eantico fervor, id\u00eantica atra\u00e7\u00e3o com que a faziam An\u00edbal de Silas e Epaminondas de Vigo valendo-se do Evangelho da Reden\u00e7\u00e3o e da Ci\u00eancia.<\/p>\n\n\n\n<p>Era o pensamento do grande Hugo, vivificado pela a\u00e7\u00e3o da realidade, concretizando de forma a podermos conhecer devidamente as nuan\u00e7as primorosas das suas vibra\u00e7\u00f5es emotivas transubstanciadas em assuntos encantadores da epop\u00e9ia do Esp\u00edrito atrav\u00e9s de migra\u00e7\u00f5es terrenas e est\u00e1gios no Invis\u00edvel, o que equivale dizer que tamb\u00e9m ele colaborava na obra de nossa reeduca\u00e7\u00e3o.<\/p>\n\n\n\n<p>Surpreendeu-nos ent\u00e3o a not\u00edcia, ali ventilada, de que o g\u00eanio de Victor Hugo se confirmava na Terra desde muitos s\u00e9culos, partindo da Gr\u00e9cia para a It\u00e1lia e Fran\u00e7a, sempre deixando ap\u00f3s si um rastro luminoso de cultura superior e de Arte.<\/p>\n\n\n\n<p>Seu esp\u00edrito, pois, em v\u00e1rias idades diferentes, tem sido venerado por muitas gera\u00e7\u00f5es, cabendo-lhe positivamente a gl\u00f3ria de que se cerca em planos intelectuais.<\/p>\n\n\n\n<p>Quanto ao outro, Chopin, alma insatisfeita, que somente agora compreendeu que com o humilde Carpinteiro de Nazar\u00e9 encontrar\u00e1 o segredo dos sublimes ideais que a saciar\u00e3o, em mir\u00edficas expans\u00f5es de m\u00fasica arrebatadora, transportada da magia dos sons para o deslumbramento da express\u00e3o real, deu-nos o dram\u00e1tico poema das sua migra\u00e7\u00f5es terrenas, uma delas anterior mesmo ao advento do Grande Emiss\u00e1rio, mas j\u00e1 a servi\u00e7o da Arte, cultivando as Belas-Letras como poeta inesquec\u00edvel, que viveu em pleno imp\u00e9rio da for\u00e7a, na Roma dos C\u00e9sares!\u201d<\/p>\n\n\n\n<p>Camilo Candido Botelho. Mem\u00f3rias de Um Suicida. Psicografado por&nbsp;Yvone do Amaral Pereira. FEB. Cap. IV<\/p>\n","protected":false},"excerpt":{"rendered":"<p>Tivemos, assim, ocasi\u00e3o de ouvir o grande compositor que viveu na Terra &#8211; Frederic Chopin<\/p>\n","protected":false},"author":2,"featured_media":887,"comment_status":"open","ping_status":"open","sticky":false,"template":"","format":"standard","meta":[],"categories":[1],"tags":[],"amp_enabled":true,"_links":{"self":[{"href":"https:\/\/www.revistaautadesouza.com\/index.php\/wp-json\/wp\/v2\/posts\/884"}],"collection":[{"href":"https:\/\/www.revistaautadesouza.com\/index.php\/wp-json\/wp\/v2\/posts"}],"about":[{"href":"https:\/\/www.revistaautadesouza.com\/index.php\/wp-json\/wp\/v2\/types\/post"}],"author":[{"embeddable":true,"href":"https:\/\/www.revistaautadesouza.com\/index.php\/wp-json\/wp\/v2\/users\/2"}],"replies":[{"embeddable":true,"href":"https:\/\/www.revistaautadesouza.com\/index.php\/wp-json\/wp\/v2\/comments?post=884"}],"version-history":[{"count":0,"href":"https:\/\/www.revistaautadesouza.com\/index.php\/wp-json\/wp\/v2\/posts\/884\/revisions"}],"wp:featuredmedia":[{"embeddable":true,"href":"https:\/\/www.revistaautadesouza.com\/index.php\/wp-json\/wp\/v2\/media\/887"}],"wp:attachment":[{"href":"https:\/\/www.revistaautadesouza.com\/index.php\/wp-json\/wp\/v2\/media?parent=884"}],"wp:term":[{"taxonomy":"category","embeddable":true,"href":"https:\/\/www.revistaautadesouza.com\/index.php\/wp-json\/wp\/v2\/categories?post=884"},{"taxonomy":"post_tag","embeddable":true,"href":"https:\/\/www.revistaautadesouza.com\/index.php\/wp-json\/wp\/v2\/tags?post=884"}],"curies":[{"name":"wp","href":"https:\/\/api.w.org\/{rel}","templated":true}]}}