{"id":548,"date":"2020-04-25T18:36:11","date_gmt":"2020-04-25T21:36:11","guid":{"rendered":"http:\/\/161.35.11.199\/?p=548"},"modified":"2020-04-27T13:57:47","modified_gmt":"2020-04-27T16:57:47","slug":"o-perispirito-e-algumas-de-suas-propriedades","status":"publish","type":"post","link":"https:\/\/www.revistaautadesouza.com\/index.php\/2020\/04\/25\/o-perispirito-e-algumas-de-suas-propriedades\/","title":{"rendered":"O Perisp\u00edrito e algumas de suas propriedades"},"content":{"rendered":"\n<p><strong>Perisp\u00edrito \u2013 envolt\u00f3rio do Esp\u00edrito<\/strong><\/p>\n\n\n\n<p>\u201cH\u00e1 no homem alguma outra coisa al\u00e9m da alma e do corpo?<\/p>\n\n\n\n<p>\u00b4H\u00e1 o la\u00e7o que liga a alma no corpo.\u00b4<\/p>\n\n\n\n<div class=\"wp-block-image\"><figure class=\"alignright size-large is-resized\"><img loading=\"lazy\" src=\"http:\/\/161.35.11.199\/wp-content\/uploads\/2020\/04\/corpo-perispirito-alma-01_07_2018.jpg\" alt=\"\" class=\"wp-image-549\" width=\"505\" height=\"271\"\/><\/figure><\/div>\n\n\n\n<p>De que natureza \u00e9 esse la\u00e7o?<\/p>\n\n\n\n<p>Semimaterial, isto \u00e9, de natureza interm\u00e9dia entre o Esp\u00edrito e o corpo. \u00c9 preciso que seja assim para que os dois possam comunicar um com o outro. Por meio desse la\u00e7o \u00e9 que o Esp\u00edrito atua sobre a mat\u00e9ria e reciprocamente.\u00b4\u201d (Allan Kardec. O Livro dos Esp\u00edritos, perg. 135)<\/p>\n\n\n\n<p>\u201cO per\u00edspirito \u00e9, ainda, corpo organizado que, representando o molde fundamental da exist\u00eancia para o homem, subsiste, al\u00e9m do sepulcro.\u201d (Emmanuel. Roteiro. Psicografia de Francisco C\u00e2ndido Xavier. cap. 3-6)<\/p>\n\n\n\n<p><strong>Comprova\u00e7\u00e3o da individualidade<\/strong><\/p>\n\n\n\n<p>\u201cComo podem os Esp\u00edritos, n\u00e3o tendo corpo, comprovar suas individualidades e distinguir-se dos outros seres espirituais que os rodeiam?<\/p>\n\n\n\n<p>\u2018Comprovam suas individualidades pelo perisp\u00edrito, que os torna distingu\u00edveis uns dos outros, como faz o corpo entre os homens.\u2019\u201d (Allan Kardec. O Livro dos Esp\u00edritos, perg.94)<\/p>\n\n\n\n<p><strong>Algumas propriedades do perisp\u00edrito<\/strong><\/p>\n\n\n\n<p><strong>\u201c[&#8230;] O estudo das propriedades do perisp\u00edrito, dos fluidos espirituais e dos atributos fisiol\u00f3gicos da alma abre novos horizontes \u00e0 Ci\u00eancia<\/strong>&nbsp;e d\u00e1 a chave de uma multid\u00e3o de fen\u00f4menos incompreendidos at\u00e9 ent\u00e3o, por falta de conhecimento da lei que os rege \u2013 fen\u00f4menos negados pelo materialismo, por se prenderem \u00e0 espiritualidade, e qualificados e como milagres ou sortil\u00e9gios por outras cren\u00e7as.\u201d (g.n.) (Allan Kardec. A g\u00eanese. cap. I, item 39-40)<\/p>\n\n\n\n<p><strong>Sensibilidade<\/strong><\/p>\n\n\n\n<p>\u201cO perisp\u00edrito \u00e9 o \u00f3rg\u00e3o sensitivo do Esp\u00edrito, por meio do qual este percebe coisas espirituais que escapam aos sentidos corp\u00f3reos. Pelos \u00f3rg\u00e3os do corpo, a vis\u00e3o, a audi\u00e7\u00e3o e as diversas sensa\u00e7\u00f5es s\u00e3o localizadas e limitadas \u00e0 percep\u00e7\u00e3o das coisas materiais; pelo sentido espiritual, ou ps\u00edquico elas se generalizam: o Esp\u00edrito v\u00ea, ouve e sente, por todo o ser, tudo o que se encontra na esfera de irradia\u00e7\u00e3o do seu fluido perispir\u00edstico.\u201d (Allan Kardec. A g\u00eanese, cap. XIV, item 22)<\/p>\n\n\n\n<div class=\"wp-block-image\"><figure class=\"alignleft size-large is-resized\"><img loading=\"lazy\" src=\"http:\/\/161.35.11.199\/wp-content\/uploads\/2020\/04\/Captura-de-Tela-2018-07-01-as-10-01_07_2018.59_.07_.png\" alt=\"\" class=\"wp-image-552\" width=\"538\" height=\"294\"\/><\/figure><\/div>\n\n\n\n<p><strong>Fio condutor do pensamento<\/strong><\/p>\n\n\n\n<p>[&#8230;] \u00e9 o intermedi\u00e1rio de todas as sensa\u00e7\u00f5es que o Esp\u00edrito percebe e pelo qual transmite sua vontade ao exterior e atua sobre os \u00f3rg\u00e3os corpo. Para nos servirmos de uma compara\u00e7\u00e3o material, diremos que \u00e9 o fio el\u00e9trico condutor, que serve para a recep\u00e7\u00e3o e a transmiss\u00e3o do pensamento.\u201d (Allan Kardec. O Livro dos m\u00e9diuns, item 54)<\/p>\n\n\n\n<p><strong>Conserva a personalidade e a mem\u00f3ria<\/strong><\/p>\n\n\n\n<p>\u201c\u00c9 (o perisp\u00edrito) enfim, o guardi\u00e3o fiel, o acervo imperec\u00edvel do nosso passado. Em sua subst\u00e2ncia incorrupt\u00edvel, fixaram-se as leis de nosso desenvolvimento, tornando-o por excel\u00eancia o conservador de nossa personalidade, por isso que nele \u00e9 que reside a mem\u00f3ria.\u201d (Gabriel Delanne. A Evolu\u00e7\u00e3o An\u00edmica, cap. I)<\/p>\n\n\n\n<p><strong>Modelagem do corpo<\/strong><\/p>\n\n\n\n<p>\u201c[&#8230;] O perisp\u00edrito \u00e9, pois, um organismo flu\u00eddico; \u00e9 a forma preexistente e sobrevivente do ser humano, sobre a qual se modela o envolt\u00f3rio carnal, como uma veste dupla e invis\u00edvel, constitu\u00edda de mat\u00e9ria quintessenciada [&#8230;].\u201d (Leon Denis. Depois da morte, 3\u00aa parte, item XXI)<\/p>\n\n\n\n<p><strong>Penetrabilidade<\/strong><\/p>\n\n\n\n<p>\u201cOutra propriedade do perisp\u00edrito, peculiar essa \u00e0 sua natureza et\u00e9rea \u00e9 a penetrabilidade. Mat\u00e9ria nenhuma lhe op\u00f5e obst\u00e1culo; ele as atravessa todas, como a luz atravessa corpos transparentes.\u201d (Allan Kardec. Obras p\u00f3stumas, 1\u00aa parte, cap. 2, item 16)<\/p>\n\n\n\n<p><strong>Ponderabilidade \u2013 o per\u00edspirito obedece a lei de gravidade<\/strong><\/p>\n\n\n\n<p>\u201cO perisp\u00edrito \u00e9, ainda, corpo organiza\u00e7\u00e3o que, representando o molde fundamental da exist\u00eancia para o homem, subsiste, al\u00e9m do sepulcro, demorando-se na regi\u00e3o que lhe \u00e9 pr\u00f3pria, de conformidade com o seu peso espec\u00edfico. [&#8230;]<\/p>\n\n\n\n<p>O perisp\u00edrito, quanto \u00e0 forma som\u00e1tica, obedece a leis de gravidade, no plano a que se afina.\u201d (Emmanuel. Roteiro. Psicografia de Francisco C\u00e2ndido Xavier. cap. 6)<\/p>\n\n\n\n<p><strong>Visibilidade, tangibilidade e opacidade<\/strong><\/p>\n\n\n\n<p>\u201cEst\u00e1, em princ\u00edpio, admitido que o Esp\u00edrito pode dar ao seu perisp\u00edrito todas as apar\u00eancias; que, mediante uma modifica\u00e7\u00e3o na disposi\u00e7\u00e3o molecular, pode dar-lhe a visibilidade, a tangibilidade e, conseguintemente a opacidade. (Allan Kardec. O Livro dos m\u00e9diuns, item 123)<\/p>\n\n\n\n<p><strong>Luminesc\u00eancia<\/strong><\/p>\n\n\n\n<p>\u201c[&#8230;] Poder\u00e1 ent\u00e3o o perisp\u00edrito mudar de aspecto, fazer-se brilhante, se tal for a vontade do Esp\u00edrito e se este dispuser de poder para tanto.\u201d (Allan Kardec. O Livro dos m\u00e9diuns, item 123)<\/p>\n\n\n\n<p><strong>Radia\u00e7\u00e3o<\/strong><\/p>\n\n\n\n<p>\u201cAcresce que, quanto mais elevado \u00e9 um Esp\u00edrito, tanto mais dilatada \u00e9 a sua irradia\u00e7\u00e3o.\u201d (Allan Kardec. O Livro dos m\u00e9diuns, item 268)<\/p>\n\n\n\n<p><strong>Flexibilidade e expansibilidade<\/strong><\/p>\n\n\n\n<p>\u201c[&#8230;] Mas a mat\u00e9ria sutil do perisp\u00edrito n\u00e3o possui a tenacidade, nem a rigidez da mat\u00e9ria compacta do corpo; \u00e9, se assim podemos exprimir, flex\u00edvel e expans\u00edvel, donde resulta que a forma que toma, conquanto decalcada na do corpo, n\u00e3o \u00e9 absoluta, amolga-se \u00e0 vontade do Esp\u00edrito, que lhe pode dar a apar\u00eancia que entenda, ao passo que o inv\u00f3lucro s\u00f3lido lhe oferece invenc\u00edvel resist\u00eancia.\u201d <\/p>\n\n\n\n<p>(Allan Kardec. O Livro dos m\u00e9diuns, item 56)<\/p>\n","protected":false},"excerpt":{"rendered":"<p>Perisp\u00edrito \u2013 envolt\u00f3rio do Esp\u00edrito \u201cH\u00e1 no homem alguma outra coisa al\u00e9m da alma e do corpo? \u00b4H\u00e1 o la\u00e7o que liga a alma no corpo.\u00b4 De que natureza \u00e9 esse la\u00e7o? Semimaterial, isto \u00e9, de natureza interm\u00e9dia entre o Esp\u00edrito e o corpo. \u00c9 preciso que seja assim para que os dois possam comunicar [&hellip;]<\/p>\n","protected":false},"author":8,"featured_media":557,"comment_status":"open","ping_status":"open","sticky":false,"template":"","format":"standard","meta":[],"categories":[13],"tags":[28],"amp_enabled":true,"_links":{"self":[{"href":"https:\/\/www.revistaautadesouza.com\/index.php\/wp-json\/wp\/v2\/posts\/548"}],"collection":[{"href":"https:\/\/www.revistaautadesouza.com\/index.php\/wp-json\/wp\/v2\/posts"}],"about":[{"href":"https:\/\/www.revistaautadesouza.com\/index.php\/wp-json\/wp\/v2\/types\/post"}],"author":[{"embeddable":true,"href":"https:\/\/www.revistaautadesouza.com\/index.php\/wp-json\/wp\/v2\/users\/8"}],"replies":[{"embeddable":true,"href":"https:\/\/www.revistaautadesouza.com\/index.php\/wp-json\/wp\/v2\/comments?post=548"}],"version-history":[{"count":0,"href":"https:\/\/www.revistaautadesouza.com\/index.php\/wp-json\/wp\/v2\/posts\/548\/revisions"}],"wp:featuredmedia":[{"embeddable":true,"href":"https:\/\/www.revistaautadesouza.com\/index.php\/wp-json\/wp\/v2\/media\/557"}],"wp:attachment":[{"href":"https:\/\/www.revistaautadesouza.com\/index.php\/wp-json\/wp\/v2\/media?parent=548"}],"wp:term":[{"taxonomy":"category","embeddable":true,"href":"https:\/\/www.revistaautadesouza.com\/index.php\/wp-json\/wp\/v2\/categories?post=548"},{"taxonomy":"post_tag","embeddable":true,"href":"https:\/\/www.revistaautadesouza.com\/index.php\/wp-json\/wp\/v2\/tags?post=548"}],"curies":[{"name":"wp","href":"https:\/\/api.w.org\/{rel}","templated":true}]}}