{"id":430,"date":"2020-04-25T10:53:34","date_gmt":"2020-04-25T13:53:34","guid":{"rendered":"http:\/\/161.35.11.199\/?p=430"},"modified":"2020-04-30T11:33:46","modified_gmt":"2020-04-30T14:33:46","slug":"ato-publico-em-defesa-da-vida","status":"publish","type":"post","link":"https:\/\/www.revistaautadesouza.com\/index.php\/2020\/04\/25\/ato-publico-em-defesa-da-vida\/","title":{"rendered":"Ato P\u00fablico em Defesa da Vida"},"content":{"rendered":"\n<p>&nbsp;\u201c Lancemos a mensagem do bem, onde o mal procura envolver situa\u00e7\u00f5es , criaturas e coisas, estabelecendo afli\u00e7\u00f5es.\u201d Meimei ( Autores diversos. Dicion\u00e1rio da alma<strong>.&nbsp;<\/strong>&nbsp;Psicografado por Francisco C\u00e2ndido Xavier. FEB. 2. ed., p.257).<\/p>\n\n\n\n<div class=\"wp-block-image\"><figure class=\"alignleft size-large is-resized\"><img loading=\"lazy\" src=\"http:\/\/161.35.11.199\/wp-content\/uploads\/2020\/04\/hands-2847508_1280.png\" alt=\"\" class=\"wp-image-432\" width=\"414\" height=\"275\"\/><\/figure><\/div>\n\n\n\n<p>O Ato P\u00fablico em Defesa da Vida \u00e9 uma a\u00e7\u00e3o realizada em espa\u00e7o p\u00fablico, que pode ser: num parque, numa pra\u00e7a ou num local com grande circula\u00e7\u00e3o de pessoas, onde s\u00e3o montados estandes para aplica\u00e7\u00e3o de v\u00e1rios temas: <strong>Eutan\u00e1sia, Pena de Morte, Aborto, Suic\u00eddio, Drogas, Depress\u00e3o, etc.<\/strong> <\/p>\n\n\n\n<p>Al\u00e9m das atividades destacadas, outras s\u00e3o realizadas: alegria crist\u00e3, distribui\u00e7\u00e3o de mensagens,&nbsp;momento art\u00edstico, gin\u00e1stica aer\u00f3bica, com destaque para a caminhada Pela Vida e pela Paz que objetiva chamar a aten\u00e7\u00e3o da comunidade para os fatos t\u00e3o graves contra a vida, esclarecendo \u00e0 luz da Doutrina Esp\u00edrita.<\/p>\n\n\n\n<p><br><strong>PLANEJAMENTO<\/strong><br><br>Para a realiza\u00e7\u00e3o do ato p\u00fablico em defesa da Vida, em espa\u00e7o p\u00fablico, temos que prever:<\/p>\n\n\n\n<p>\u00b7&nbsp;&nbsp;&nbsp;&nbsp;&nbsp;&nbsp;&nbsp;Indicar os coordenadores das atividades que ser\u00e3o realizadas.<\/p>\n\n\n\n<p>\u00b7&nbsp;&nbsp;&nbsp;&nbsp;&nbsp;&nbsp;&nbsp;Definir data, local e dura\u00e7\u00e3o do evento.<\/p>\n\n\n\n<p>\u00b7&nbsp;&nbsp;&nbsp;&nbsp;&nbsp;&nbsp;&nbsp;Estimar a meta de participantes.<\/p>\n\n\n\n<p>\u00b7&nbsp;&nbsp;&nbsp;&nbsp;&nbsp;&nbsp;&nbsp;Definir quantidade dos estandes tem\u00e1ticos.<\/p>\n\n\n\n<p>\u00b7&nbsp;&nbsp;&nbsp;&nbsp;&nbsp;&nbsp;&nbsp;Definir o programa de divulga\u00e7\u00e3o, perante as Casas Esp\u00edritas.<\/p>\n\n\n\n<p>\u00b7&nbsp;&nbsp;&nbsp;&nbsp;&nbsp;&nbsp;&nbsp;Definir a quantidade de materiais de divulga\u00e7\u00e3o.<\/p>\n\n\n\n<p>\u00b7&nbsp;&nbsp;&nbsp;&nbsp;&nbsp;&nbsp;&nbsp;Estimar gastos.<\/p>\n\n\n\n<p>\u00b7&nbsp;&nbsp;&nbsp;&nbsp;&nbsp;&nbsp;&nbsp;Providenciar autoriza\u00e7\u00e3o junto ao setor respons\u00e1vel pelo espa\u00e7o p\u00fablico.<\/p>\n\n\n\n<p>\u00b7&nbsp;&nbsp;&nbsp;&nbsp;&nbsp;&nbsp;&nbsp;Providenciar as barracas, seja por doa\u00e7\u00e3o ou aluguel.<\/p>\n\n\n\n<p>Esses assuntos ser\u00e3o discutidos em reuni\u00e3o registrados em atas, para que sejam devidamente acompanhados, ap\u00f3s a primeira reuni\u00e3o \u00e9 definido o calend\u00e1rio para as pr\u00f3ximas. Recomendamos que as reuni\u00f5es iniciem com 3 meses de anteced\u00eancia da data do evento.<\/p>\n\n\n\n<p><strong>A\u00c7\u00d5ES PRELIMINARES<\/strong><\/p>\n\n\n\n<p>\u00b7&nbsp;&nbsp;&nbsp;&nbsp;&nbsp;&nbsp;&nbsp;Providenciar treinamentos aos coordenadores das atividades.<\/p>\n\n\n\n<p>\u00b7&nbsp;&nbsp;&nbsp;&nbsp;&nbsp;&nbsp;&nbsp;Distribuir as tarefas aos trabalhadores.<\/p>\n\n\n\n<p>\u00b7&nbsp;&nbsp;&nbsp;&nbsp;&nbsp;&nbsp;&nbsp;Verificar com anteced\u00eancia quem ir\u00e1 realizar apresenta\u00e7\u00e3o musical.<\/p>\n\n\n\n<p>\u00b7&nbsp;&nbsp;&nbsp;&nbsp;&nbsp;&nbsp;&nbsp;Tomar as provid\u00eancias para o lanche dos trabalhadores.<\/p>\n\n\n\n<p>\u00b7&nbsp;&nbsp;&nbsp;&nbsp;&nbsp;&nbsp;&nbsp;Definir os brindes para o sorteio junto ao p\u00fablico participante.<\/p>\n\n\n\n<p>\u00b7&nbsp;&nbsp;&nbsp;&nbsp;&nbsp;&nbsp;&nbsp;Montagem das barracas, para aplica\u00e7\u00e3o dos temas de estudos.<\/p>\n\n\n\n<p><strong>PROVID\u00caNCIAS<\/strong><\/p>\n\n\n\n<p>\u00b7&nbsp;&nbsp;&nbsp;&nbsp;&nbsp;&nbsp;&nbsp;Mensagens, crach\u00e1s, aparelhagem de som, tendas, materiais para a apresenta\u00e7\u00e3o das palestras, \u00e1gua mineral, relat\u00f3rios e canetas.<br><br><strong>ASSIM REALIZAMOS O ATO P\u00daBLICO EM DEFESA DA VIDA:<\/strong><\/p>\n\n\n\n<p><strong>ALEGRIA CRIST\u00c3: 8:50 \u2013 9:10<\/strong><\/p>\n\n\n\n<p>Salientando a import\u00e2ncia da m\u00fasica como fator indutor, promovendo ades\u00e3o mental dos trabalhadores e daqueles que passam pelo local do evento.<\/p>\n\n\n\n<p><strong>PRECE INICIAL: 9:10 \u2013 9:15<\/strong><\/p>\n\n\n\n<p>O coordenador da atividade poder\u00e1 faz\u00ea-la ou indicar outro trabalhador.<\/p>\n\n\n\n<p><strong>DISTRIBUI\u00c7\u00c3O DE MENSAGENS PELOS JOVENS E DEMAIS TRABALHADORES: 9:15 \u2013 10:30<\/strong><\/p>\n\n\n\n<p>Caminhando pelo percurso delineado realizam a distribui\u00e7\u00e3o de mensagens e convidam os transeuntes para a participa\u00e7\u00e3o das atividades nos estandes.<\/p>\n\n\n\n<p><strong>O QUE S\u00c3O OS ESTANDES TEM\u00c1TICOS? 9:15 \u2013 10:30<\/strong><\/p>\n\n\n\n<p>Nos estandes s\u00e3o apresentados v\u00e1rios temas em defesa da vida: Eutan\u00e1sia, Pena de Morte, Aborto e Suic\u00eddio e outros temas como Drogas, Depress\u00e3o, etc.<\/p>\n\n\n\n<p>Nos estandes s\u00e3o afixados cartazes e banners relativos aos temas abordados.<\/p>\n\n\n\n<p><strong>MOMENTO ART\u00cdSTICO OU AER\u00d3BICO: 10:30 \u2013 11:00<\/strong><\/p>\n\n\n\n<p>O momento art\u00edstico \u00e9 uma atividade praticada antes do in\u00edcio da caminhada, com a finalidade de envolver o participantes em clima de alegria e vibra\u00e7\u00e3o.<\/p>\n\n\n\n<p>Outra a\u00e7\u00e3o bem sucedida \u00e9 a gin\u00e1stica aer\u00f3bica, que promove a intera\u00e7\u00e3o e tamb\u00e9m o aquecimento para a caminhada.<br>Lembrando da import\u00e2ncia de manter o estoque de \u00e1gua dispon\u00edvel para servir aos trabalhadores e aos participantes.<\/p>\n\n\n\n<p><strong>CAMINHADA PELA VIDA E PELA PAZ: 11:00 \u2013 11:50<\/strong><\/p>\n\n\n\n<p>Com a participa\u00e7\u00e3o dos convidados e dos trabalhadores, \u00e9 realizada a caminhada, conforme percurso definido. Durante a caminhada s\u00e3o distribuidas mensagens, panfletos, exposi\u00e7\u00e3o de faixas e s\u00e3o entregues pap\u00e9is numerados, para permirtir a participa\u00e7\u00e3o no sorteio ao final da caminhada. Sugest\u00e3o de brindes: Livros Esp\u00edritas e artigos esportivos.<\/p>\n\n\n\n<p><strong>LANCHE AP\u00d3S A&nbsp;&nbsp;CAMINHADA: 11:50 \u2013 12:10&nbsp;<\/strong><\/p>\n\n\n\n<p>Ao t\u00e9rmino da caminhada \u00e9 servido um lanche aos trabalhadores.<\/p>\n\n\n\n<p><strong>PREMIA\u00c7\u00c3O: 12:10 \u2013 12:28<\/strong><\/p>\n\n\n\n<p>Antes do encerramento das atividades \u00e9 realizado o sorteio dos premios.<\/p>\n\n\n\n<p><strong>PRECE FINAL: 12:28 \u2013 12:30<\/strong><\/p>\n\n\n\n<p>O coordenador realiza a prece ou indica algu\u00e9m para faz\u00ea-la.<\/p>\n\n\n\n<p>Quer saber sobre outras a\u00e7\u00f5es Educativas em Defesa da Vida consulte o Manual das a\u00e7\u00f5es da Campanha Educativa em Defesa da Vida Contra o Aborto, dispon\u00edvel no site&nbsp;<a href=\"http:\/\/www.editoraautadesouza.com.br\/\">www.editoraautadesouza.com.br<\/a><\/p>\n","protected":false},"excerpt":{"rendered":"<p>&nbsp;\u201c Lancemos a mensagem do bem, onde o mal procura envolver situa\u00e7\u00f5es , criaturas e coisas, estabelecendo afli\u00e7\u00f5es.\u201d Meimei ( Autores diversos. Dicion\u00e1rio da alma.&nbsp;&nbsp;Psicografado por Francisco C\u00e2ndido Xavier. FEB. 2. ed., p.257). O Ato P\u00fablico em Defesa da Vida \u00e9 uma a\u00e7\u00e3o realizada em espa\u00e7o p\u00fablico, que pode ser: num parque, numa pra\u00e7a ou [&hellip;]<\/p>\n","protected":false},"author":5,"featured_media":436,"comment_status":"open","ping_status":"open","sticky":false,"template":"","format":"standard","meta":[],"categories":[5],"tags":[],"amp_enabled":true,"_links":{"self":[{"href":"https:\/\/www.revistaautadesouza.com\/index.php\/wp-json\/wp\/v2\/posts\/430"}],"collection":[{"href":"https:\/\/www.revistaautadesouza.com\/index.php\/wp-json\/wp\/v2\/posts"}],"about":[{"href":"https:\/\/www.revistaautadesouza.com\/index.php\/wp-json\/wp\/v2\/types\/post"}],"author":[{"embeddable":true,"href":"https:\/\/www.revistaautadesouza.com\/index.php\/wp-json\/wp\/v2\/users\/5"}],"replies":[{"embeddable":true,"href":"https:\/\/www.revistaautadesouza.com\/index.php\/wp-json\/wp\/v2\/comments?post=430"}],"version-history":[{"count":0,"href":"https:\/\/www.revistaautadesouza.com\/index.php\/wp-json\/wp\/v2\/posts\/430\/revisions"}],"wp:featuredmedia":[{"embeddable":true,"href":"https:\/\/www.revistaautadesouza.com\/index.php\/wp-json\/wp\/v2\/media\/436"}],"wp:attachment":[{"href":"https:\/\/www.revistaautadesouza.com\/index.php\/wp-json\/wp\/v2\/media?parent=430"}],"wp:term":[{"taxonomy":"category","embeddable":true,"href":"https:\/\/www.revistaautadesouza.com\/index.php\/wp-json\/wp\/v2\/categories?post=430"},{"taxonomy":"post_tag","embeddable":true,"href":"https:\/\/www.revistaautadesouza.com\/index.php\/wp-json\/wp\/v2\/tags?post=430"}],"curies":[{"name":"wp","href":"https:\/\/api.w.org\/{rel}","templated":true}]}}