{"id":2417,"date":"2021-04-02T15:30:05","date_gmt":"2021-04-02T18:30:05","guid":{"rendered":"https:\/\/www.revistaautadesouza.com\/?p=2417"},"modified":"2021-05-01T11:00:04","modified_gmt":"2021-05-01T14:00:04","slug":"pluralidade-dos-mundos-habitados-2","status":"publish","type":"post","link":"https:\/\/www.revistaautadesouza.com\/index.php\/2021\/04\/02\/pluralidade-dos-mundos-habitados-2\/","title":{"rendered":"Pluralidade dos mundos habitados"},"content":{"rendered":"\n<div class=\"wp-block-media-text alignwide is-stacked-on-mobile\" style=\"grid-template-columns:21% auto\"><figure class=\"wp-block-media-text__media\"><img loading=\"lazy\" width=\"1024\" height=\"1024\" src=\"https:\/\/www.revistaautadesouza.com\/wp-content\/uploads\/2021\/04\/pexels-pixabay-87651-3-1024x1024.jpg\" alt=\"\" class=\"wp-image-2454\" srcset=\"https:\/\/www.revistaautadesouza.com\/wp-content\/uploads\/2021\/04\/pexels-pixabay-87651-3-1024x1024.jpg 1024w, https:\/\/www.revistaautadesouza.com\/wp-content\/uploads\/2021\/04\/pexels-pixabay-87651-3-300x300.jpg 300w, https:\/\/www.revistaautadesouza.com\/wp-content\/uploads\/2021\/04\/pexels-pixabay-87651-3-150x150.jpg 150w, https:\/\/www.revistaautadesouza.com\/wp-content\/uploads\/2021\/04\/pexels-pixabay-87651-3-768x768.jpg 768w, https:\/\/www.revistaautadesouza.com\/wp-content\/uploads\/2021\/04\/pexels-pixabay-87651-3-1536x1536.jpg 1536w, https:\/\/www.revistaautadesouza.com\/wp-content\/uploads\/2021\/04\/pexels-pixabay-87651-3.jpg 2048w\" sizes=\"(max-width: 1024px) 100vw, 1024px\" \/><\/figure><div class=\"wp-block-media-text__content\">\n<p><strong>Todos os globos que circulam no espa\u00e7o s\u00e3o habitados?<\/strong><\/p>\n\n\n\n<p>Sim e o homem terreno est\u00e1 bem longe de ser, como acredita, o primeiro em intelig\u00eancia, bondade e perfei\u00e7\u00e3o. H\u00e1, entretanto, homens que se julgam esp\u00edritos fortes e imaginam que s\u00f3 este pequeno globo tem o privil\u00e9gio de ser habitado por seres racionais. Orgulho e vaidade! Cr\u00eaem que Deus criou o Universo somente para eles. (Allan Kardec. <em>O Livro dos Esp\u00edritos<\/em>, 33. ed., perg. 55.)<\/p>\n<\/div><\/div>\n\n\n\n<div style=\"height:25px\" aria-hidden=\"true\" class=\"wp-block-spacer\"><\/div>\n\n\n\n<h4>Diversas categorias de mundos<\/h4>\n\n\n\n<div style=\"height:25px\" aria-hidden=\"true\" class=\"wp-block-spacer\"><\/div>\n\n\n\n<p>Do ensino dado pelos Esp\u00edritos, resulta que muito diferentes umas das outras s\u00e3o as condi\u00e7\u00f5es dos mundos, quanto ao grau de adiantamento ou de inferioridade dos seus habitantes. (Allan Kardec. <em>O Evangelho segundo o Espiritismo<\/em>, 107. ed., p. 72-73.)<\/p>\n\n\n\n<div style=\"height:20px\" aria-hidden=\"true\" class=\"wp-block-spacer\"><\/div>\n\n\n\n<p>S\u00e3o assim classificados os mundos habitados:<\/p>\n\n\n\n<ul><li>Mundos primitivos, destinados \u00e0s primeiras encarna\u00e7\u00f5es da alma humana;<\/li><li>Mundos de provas e expia\u00e7\u00f5es, onde domina o mal;<\/li><li>Mundos de regenera\u00e7\u00e3o, nos quais as almas que ainda t\u00eam o que expiar haurem novas for\u00e7as;<\/li><li>Mundos ditosos, onde o bem sobrepuja o mal; e<\/li><li>Mundos Celestes ou divinos, habita\u00e7\u00f5es de Esp\u00edritos depurados, onde exclusivamente reina o bem.<\/li><\/ul>\n\n\n\n<p>A Terra pertence \u00e0 categoria dos mundos de expia\u00e7\u00e3o e provas, raz\u00e3o por que a\u00ed vive o homem a bra\u00e7os com tantas mis\u00e9rias. (Allan Kardec, <em>O Evangelho Segundo o Espiritismo<\/em>, 107. ed., p. 72-73.)<\/p>\n\n\n\n<div style=\"height:25px\" aria-hidden=\"true\" class=\"wp-block-spacer\"><\/div>\n\n\n\n<h4 class=\"has-text-align-left\">A grande fam\u00edlia universal<\/h4>\n\n\n\n<div style=\"height:25px\" aria-hidden=\"true\" class=\"wp-block-spacer\"><\/div>\n\n\n\n<div class=\"wp-block-media-text alignwide is-stacked-on-mobile\" style=\"grid-template-columns:36% auto\"><figure class=\"wp-block-media-text__media\"><img loading=\"lazy\" width=\"696\" height=\"377\" src=\"https:\/\/www.revistaautadesouza.com\/wp-content\/uploads\/2021\/04\/universo-696x377-1.jpg\" alt=\"\" class=\"wp-image-2429\" srcset=\"https:\/\/www.revistaautadesouza.com\/wp-content\/uploads\/2021\/04\/universo-696x377-1.jpg 696w, https:\/\/www.revistaautadesouza.com\/wp-content\/uploads\/2021\/04\/universo-696x377-1-300x163.jpg 300w\" sizes=\"(max-width: 696px) 100vw, 696px\" \/><\/figure><div class=\"wp-block-media-text__content\">\n<p>E dizer-se que s\u00f3 na nossa modesta gal\u00e1xia existem mais de cem bilh\u00f5es de s\u00f3is! Esses mundos incont\u00e1veis s\u00e3o, como disse Jesus, as muitas moradas da Casa do Eterno Pai. \u00c9 neles que nascem, crescem, vivem e se aperfei\u00e7oam os Filhos do Criador, a Grande Fam\u00edlia Universal. S\u00e3o eles as grandes Escolas das Almas, as Grandes Oficinas do Esp\u00edrito, as Grandes Universidades e os Grandes Laborat\u00f3rios do Infinito&#8230; E s\u00e3o tamb\u00e9m \u2014 Deus seja louvado! \u2014 os ber\u00e7os da Vida. (Irm\u00e3o \u00c1ureo, <em>Universo e Vida<\/em>, 4 ed., p. 31-33)<\/p>\n<\/div><\/div>\n\n\n\n<div style=\"height:25px\" aria-hidden=\"true\" class=\"wp-block-spacer\"><\/div>\n\n\n\n<div class=\"wp-block-group\"><div class=\"wp-block-group__inner-container\">\n<h4>A nova gera\u00e7\u00e3o<\/h4>\n<\/div><\/div>\n\n\n\n<div style=\"height:25px\" aria-hidden=\"true\" class=\"wp-block-spacer\"><\/div>\n\n\n\n<p>Para que na Terra sejam felizes os homens, preciso \u00e9 que somente a povoem Esp\u00edritos bons, encarnados e desencarnados, que somente ao bem se dediquem. Havendo chegado o tempo, grande emigra\u00e7\u00e3o se verifica dos que a habitam: a dos que praticam o mal pelo mal, ainda n\u00e3o tocados pelo sentimento do bem, os quais, j\u00e1 n\u00e3o sendo dignos do planeta transformado, ser\u00e3o exclu\u00eddos, porque, sen\u00e3o, lhe ocasionariam de novo perturba\u00e7\u00e3o e confus\u00e3o e constituiriam obst\u00e1culo ao progresso. Ir\u00e3o expiar o endurecimento de seus cora\u00e7\u00f5es, uns em mundos inferiores, outros em ra\u00e7as terrestres ainda atrasadas, equivalentes a mundos daquela ordem, aos quais levar\u00e3o os conhecimentos que hajam adquirido, tendo por miss\u00e3o faz\u00ea-las avan\u00e7ar. Substitu\u00ed-los-\u00e3o Esp\u00edritos melhores, que far\u00e3o reinem em seu seio a justi\u00e7a, a paz e a fraternidade. (&#8230;) Em cada crian\u00e7a que nascer, em vez de um Esp\u00edrito atrasado e inclinado ao mal, que antes nela encarnaria, vir\u00e1 um Esp\u00edrito mais adiantado e propenso ao bem. (Allan Kardec, <em>A g\u00eanese<\/em>, 19 ed., p. 418)<\/p>\n\n\n\n<div style=\"height:20px\" aria-hidden=\"true\" class=\"wp-block-spacer\"><\/div>\n\n\n\n<h4>O porvir<\/h4>\n\n\n\n<div style=\"height:20px\" aria-hidden=\"true\" class=\"wp-block-spacer\"><\/div>\n\n\n\n<p>Os filhos da iniq\u00fcidade, empedernidos no crime e cristalizados no orgulho, deixar\u00e3o as fronteiras fisiomagn\u00e9ticas da Terra, em demanda das novas experi\u00eancias a que fizeram jus; mas aqui, no orbe aliviado e repleto de escombros, uma nova idade de trabalho e de esperan\u00e7a nascer\u00e1, ao Sol da Regenera\u00e7\u00e3o e da Gra\u00e7a.<\/p>\n\n\n\n<p>Nesse mundo renovado, a paz inalter\u00e1vel instituir\u00e1 um progresso sem temores e uma civiliza\u00e7\u00e3o sem maldade. Os habitantes do planeta estar\u00e3o muito longe da angelitude, mas ser\u00e3o operosos e sinceros, um tanto sofredores e endividados para com a Eterna Justi\u00e7a, mas fraternos e d\u00f3ceis \u00e0 inspira\u00e7\u00e3o superior. O Estatuto dos Povos manter\u00e1 o Parlamento das Na\u00e7\u00f5es, onde Excelsos Esp\u00edritos materializados designar\u00e3o, em nome e por escolha do Cristo, os Governadores da Terra. Sem monarquias, oligarquias, plutocracias ou democracias, haver\u00e1 apenas uma <em>Espiritocracia Evang\u00e9lica<\/em>, fundada no celeste platonismo do m\u00e9rito maior, do maior saber e da maior virtude, para o servi\u00e7o mais amplo e mais fecundo. (Irm\u00e3o \u00c1ureo, <em>Universo e Vida<\/em>, 4 ed., p. 168-169)<\/p>\n\n\n\n<div style=\"height:20px\" aria-hidden=\"true\" class=\"wp-block-spacer\"><\/div>\n\n\n\n<p>Quer saber mais? Estude o livro <em><strong>Conhe\u00e7a o Espiritismo<\/strong><\/em>: <a href=\"http:\/\/www.editoraautadesouza.com.br\/\" target=\"_blank\" rel=\"noreferrer noopener\">http:\/\/www.editoraautadesouza.com.br\/<\/a><\/p>\n\n\n\n<p><\/p>\n\n\n\n<p><\/p>\n\n\n\n<p><\/p>\n\n\n\n<p><\/p>\n","protected":false},"excerpt":{"rendered":"<p>Sim e o homem terreno est\u00e1 bem longe de ser, como acredita, o primeiro em intelig\u00eancia, bondade e perfei\u00e7\u00e3o. <\/p>\n","protected":false},"author":5,"featured_media":2431,"comment_status":"open","ping_status":"open","sticky":false,"template":"","format":"standard","meta":[],"categories":[11],"tags":[28],"amp_enabled":true,"_links":{"self":[{"href":"https:\/\/www.revistaautadesouza.com\/index.php\/wp-json\/wp\/v2\/posts\/2417"}],"collection":[{"href":"https:\/\/www.revistaautadesouza.com\/index.php\/wp-json\/wp\/v2\/posts"}],"about":[{"href":"https:\/\/www.revistaautadesouza.com\/index.php\/wp-json\/wp\/v2\/types\/post"}],"author":[{"embeddable":true,"href":"https:\/\/www.revistaautadesouza.com\/index.php\/wp-json\/wp\/v2\/users\/5"}],"replies":[{"embeddable":true,"href":"https:\/\/www.revistaautadesouza.com\/index.php\/wp-json\/wp\/v2\/comments?post=2417"}],"version-history":[{"count":22,"href":"https:\/\/www.revistaautadesouza.com\/index.php\/wp-json\/wp\/v2\/posts\/2417\/revisions"}],"predecessor-version":[{"id":2513,"href":"https:\/\/www.revistaautadesouza.com\/index.php\/wp-json\/wp\/v2\/posts\/2417\/revisions\/2513"}],"wp:featuredmedia":[{"embeddable":true,"href":"https:\/\/www.revistaautadesouza.com\/index.php\/wp-json\/wp\/v2\/media\/2431"}],"wp:attachment":[{"href":"https:\/\/www.revistaautadesouza.com\/index.php\/wp-json\/wp\/v2\/media?parent=2417"}],"wp:term":[{"taxonomy":"category","embeddable":true,"href":"https:\/\/www.revistaautadesouza.com\/index.php\/wp-json\/wp\/v2\/categories?post=2417"},{"taxonomy":"post_tag","embeddable":true,"href":"https:\/\/www.revistaautadesouza.com\/index.php\/wp-json\/wp\/v2\/tags?post=2417"}],"curies":[{"name":"wp","href":"https:\/\/api.w.org\/{rel}","templated":true}]}}