{"id":2272,"date":"2021-02-20T22:44:13","date_gmt":"2021-02-21T01:44:13","guid":{"rendered":"https:\/\/www.revistaautadesouza.com\/?p=2272"},"modified":"2021-02-20T22:44:13","modified_gmt":"2021-02-21T01:44:13","slug":"energia-e-evolucao-radiacoes-luminosas","status":"publish","type":"post","link":"https:\/\/www.revistaautadesouza.com\/index.php\/2021\/02\/20\/energia-e-evolucao-radiacoes-luminosas\/","title":{"rendered":"Energia e Evolu\u00e7\u00e3o &#8211; Radia\u00e7\u00f5es Luminosas"},"content":{"rendered":"\n<p>Mesmo que potentes radia\u00e7\u00f5es luminosas, que s\u00e3o ondas eletromagn\u00e9ticas, incidam sobre um corpo, delas este somente reter\u00e1 a quantidade que lhe permitir o seu pr\u00f3prio poder de absor\u00e7\u00e3o, embora tamb\u00e9m seja verdade que parte do poder absorvente de qualquer material depende igualmente do comprimento de onda da radia\u00e7\u00e3o incidente.<\/p>\n\n\n\n<div class=\"wp-block-image\"><figure class=\"alignright size-large is-resized\"><img loading=\"lazy\" src=\"https:\/\/www.revistaautadesouza.com\/wp-content\/uploads\/2021\/02\/summerfield-336672_1280-1024x680.jpg\" alt=\"\" class=\"wp-image-2273\" width=\"558\" height=\"370\" srcset=\"https:\/\/www.revistaautadesouza.com\/wp-content\/uploads\/2021\/02\/summerfield-336672_1280-1024x680.jpg 1024w, https:\/\/www.revistaautadesouza.com\/wp-content\/uploads\/2021\/02\/summerfield-336672_1280-300x199.jpg 300w, https:\/\/www.revistaautadesouza.com\/wp-content\/uploads\/2021\/02\/summerfield-336672_1280-768x510.jpg 768w, https:\/\/www.revistaautadesouza.com\/wp-content\/uploads\/2021\/02\/summerfield-336672_1280.jpg 1280w\" sizes=\"(max-width: 558px) 100vw, 558px\" \/><\/figure><\/div>\n\n\n\n<p>No campo psicoperispir\u00edtico, prevalece realidade similar, pois o poder de atua\u00e7\u00e3o energ\u00e9tica de um esp\u00edrito sobre outro subordina-se a dupla condi\u00e7\u00e3o, isto \u00e9, ao comprimento de onda da radia\u00e7\u00e3o luminosa do atuante e \u00e0 capacidade de absor\u00e7\u00e3o do atuado, sendo fundamental n\u00e3o perdermos de vista que em todos os fen\u00f4menos desse tipo o regime inelut\u00e1vel \u00e9 o das trocas, cujo escopo natural \u00e9 sempre o do equil\u00edbrio.<\/p>\n\n\n\n<p>Explicaremos noutro cap\u00edtulo por que raz\u00e3o nos referimos \u00e0 atua\u00e7\u00e3o energ\u00e9tica de natureza luminosa, de um esp\u00edrito sobre outro, mas adiantamos que a luz \u00e9 a mais nobre das formas de energia. Precisaremos, por\u00e9m, considerar mais detidamente esse assunto, pois tamb\u00e9m a luz apresenta varia\u00e7\u00f5es importantes de tipo e natureza, na hierarquia dos valores do Universo.<\/p>\n\n\n\n<p>Retomando, por\u00e9m, o que dissemos no par\u00e1grafo anterior, assinalamos que \u00e9 aquele o princ\u00edpio que preside \u00e0 capacidade de ajudar ou de ferir, e a de ser algu\u00e9m ajudado ou ferido. Na Natureza, a justi\u00e7a se realiza de forma autom\u00e1tica e perfeita, nos exatos termos do n\u00edvel evolutivo de cada ser e dos seres que com ele se relacionam.<br><img alt=\"\" src=\"http:\/\/www.revistaautadesouza.com\/public\/imagem\/gerenciador\/pensamentoemediunidade-04_09_2017.jpg\"><\/p>\n\n\n\n<p>O poder de Deus \u00e9 on\u00edmodo, onipresente e eternamente atuante no Universo, porque est\u00e1 nele imanente, n\u00e3o podendo ser tra\u00eddo ou alterado por nenhuma for\u00e7a e por nenhum ser da Cria\u00e7\u00e3o.<\/p>\n\n\n\n<p>Define-se tamb\u00e9m, em face dessa realidade, o princ\u00edpio do m\u00e9rito, porquanto o poder de dar e receber, de agir e de sofrer a\u00e7\u00e3o, de auxiliar e de ser auxiliado \u00e9 sempre rigorosa, natural e automaticamente limitado pela real condi\u00e7\u00e3o evolutiva de cada ser.<\/p>\n\n\n\n<p>Vale considerar, neste cap\u00edtulo, que as radia\u00e7\u00f5es eletromagn\u00e9ticas chamadas de energia radiante n\u00e3o compreendem t\u00e3o s\u00f3 a energia da luz vis\u00edvel, sen\u00e3o tamb\u00e9m as radia\u00e7\u00f5es gama, ultravioleta e infravermelha, as ondas de r\u00e1dio, os raios X e a energia calor\u00edfica irradiada.<\/p>\n\n\n\n<p>Assim n\u00e3o fosse, qualquer pessoa poderia ver, a olho nu, no mundo dos encarnados, o pr\u00f3prio halo, ou campo eletromagn\u00e9tico, e o das demais pessoas, identificando de pronto a condi\u00e7\u00e3o espiritual de cada um, pela simples colora\u00e7\u00e3o de sua luz, embora a atmosfera vital de cada ser esteja tamb\u00e9m impregnada de outras importantes qualidades din\u00e2micas.<\/p>\n\n\n\n<p>Cumpre, ali\u00e1s, ter-se em conta que o mundo particular de cada indiv\u00edduo \u00e9, de certo modo, o que a F\u00edsica atual denomina, a nosso ver impropriamente, de sistema isolado, que \u00e9, por defini\u00e7\u00e3o, aquele que n\u00e3o troca energia com outro sistema. Ressalvando que somente noutro cap\u00edtulo examinaremos esse tema, de magna import\u00e2ncia, por estar ligado intimamente ao princ\u00edpio da conserva\u00e7\u00e3o da energia, deixamos claro que a id\u00e9ia do sistema isolado n\u00e3o tem, nesta nossa compara\u00e7\u00e3o, nenhum sentido de isolamento real ou de refrangibilidade. Visa apenas a dar id\u00e9ia dum pequeno universo individuado, pois cada ser \u00e9 realmente como um pequeno mundo a mover-se no grande sistema de seres a que pertence.<\/p>\n\n\n\n<p>Dissemos que o mundo particular de cada indiv\u00edduo \u00e9, de certo modo, um sistema isolado, porque, em se tratando do esp\u00edrito encarnado e do desencarnado ainda presos \u00e0s faixas da evolu\u00e7\u00e3o terrestre, a lei da equival\u00eancia de mat\u00e9ria e energia, expressa na f\u00f3rmula einsteiniana E = mc2, onde E \u00e9 a quantidade de energia equivalente \u00e0 massa m, sendo e a velocidade da luz, se aplica plenamente.<\/p>\n\n\n\n<div class=\"wp-block-image\"><figure class=\"alignleft size-large is-resized\"><img loading=\"lazy\" src=\"https:\/\/www.revistaautadesouza.com\/wp-content\/uploads\/2021\/02\/nature-3294681_1280-1024x576.jpg\" alt=\"\" class=\"wp-image-2282\" width=\"526\" height=\"296\" srcset=\"https:\/\/www.revistaautadesouza.com\/wp-content\/uploads\/2021\/02\/nature-3294681_1280-1024x576.jpg 1024w, https:\/\/www.revistaautadesouza.com\/wp-content\/uploads\/2021\/02\/nature-3294681_1280-300x169.jpg 300w, https:\/\/www.revistaautadesouza.com\/wp-content\/uploads\/2021\/02\/nature-3294681_1280-768x432.jpg 768w, https:\/\/www.revistaautadesouza.com\/wp-content\/uploads\/2021\/02\/nature-3294681_1280.jpg 1280w\" sizes=\"(max-width: 526px) 100vw, 526px\" \/><\/figure><\/div>\n\n\n\n<p>Como temos, aqui, de ser concisos, deixaremos para mais tarde outras considera\u00e7\u00f5es. No entanto, como falamos, linhas acima, em energia calor\u00edfica irradiada, ou seja, calor transmitido por meio de irradia\u00e7\u00e3o, lembramos que a propaga\u00e7\u00e3o do calor de um corpo para outro pode processar-se sem que haja necessidade de meio material, bastando se observe, nesse particular, que o calor do Sol, emitido a milh\u00f5es de quil\u00f4metros de dist\u00e2ncia, chega \u00e0 Terra depois de atravessar vastas regi\u00f5es n\u00e3o ocupadas por mat\u00e9ria.<\/p>\n\n\n\n<p>Com maior raz\u00e3o, a luz espiritual, a manifestar-se na irradia\u00e7\u00e3o das mentes ang\u00e9licas, prescinde de qualquer ve\u00edculo material para espraiar-se e atuar em todas as dimens\u00f5es do Universo.<\/p>\n\n\n\n<p>\u00c1ureo. <em>Universo e vida.<\/em> Psicografia de Hernani T. Santana, 5.ed., p.69 &#8211; 71<\/p>\n","protected":false},"excerpt":{"rendered":"<p>A luz espiritual, a manifestar-se na irradia\u00e7\u00e3o das mentes ang\u00e9licas, prescinde de qualquer ve\u00edculo material para espraiar-se e atuar em todas as dimens\u00f5es do Universo.<\/p>\n","protected":false},"author":5,"featured_media":2286,"comment_status":"open","ping_status":"open","sticky":false,"template":"","format":"standard","meta":[],"categories":[18],"tags":[28],"amp_enabled":true,"_links":{"self":[{"href":"https:\/\/www.revistaautadesouza.com\/index.php\/wp-json\/wp\/v2\/posts\/2272"}],"collection":[{"href":"https:\/\/www.revistaautadesouza.com\/index.php\/wp-json\/wp\/v2\/posts"}],"about":[{"href":"https:\/\/www.revistaautadesouza.com\/index.php\/wp-json\/wp\/v2\/types\/post"}],"author":[{"embeddable":true,"href":"https:\/\/www.revistaautadesouza.com\/index.php\/wp-json\/wp\/v2\/users\/5"}],"replies":[{"embeddable":true,"href":"https:\/\/www.revistaautadesouza.com\/index.php\/wp-json\/wp\/v2\/comments?post=2272"}],"version-history":[{"count":8,"href":"https:\/\/www.revistaautadesouza.com\/index.php\/wp-json\/wp\/v2\/posts\/2272\/revisions"}],"predecessor-version":[{"id":2285,"href":"https:\/\/www.revistaautadesouza.com\/index.php\/wp-json\/wp\/v2\/posts\/2272\/revisions\/2285"}],"wp:featuredmedia":[{"embeddable":true,"href":"https:\/\/www.revistaautadesouza.com\/index.php\/wp-json\/wp\/v2\/media\/2286"}],"wp:attachment":[{"href":"https:\/\/www.revistaautadesouza.com\/index.php\/wp-json\/wp\/v2\/media?parent=2272"}],"wp:term":[{"taxonomy":"category","embeddable":true,"href":"https:\/\/www.revistaautadesouza.com\/index.php\/wp-json\/wp\/v2\/categories?post=2272"},{"taxonomy":"post_tag","embeddable":true,"href":"https:\/\/www.revistaautadesouza.com\/index.php\/wp-json\/wp\/v2\/tags?post=2272"}],"curies":[{"name":"wp","href":"https:\/\/api.w.org\/{rel}","templated":true}]}}