{"id":2264,"date":"2021-02-20T22:29:39","date_gmt":"2021-02-21T01:29:39","guid":{"rendered":"https:\/\/www.revistaautadesouza.com\/?p=2264"},"modified":"2021-02-20T22:29:39","modified_gmt":"2021-02-21T01:29:39","slug":"energia-e-evolucao-transformadores-de-energia","status":"publish","type":"post","link":"https:\/\/www.revistaautadesouza.com\/index.php\/2021\/02\/20\/energia-e-evolucao-transformadores-de-energia\/","title":{"rendered":"Energia e Evolu\u00e7\u00e3o &#8211; Transformadores de Energia"},"content":{"rendered":"\n<p>Exposto \u00e0s radia\u00e7\u00f5es luminosas do Sol, o sil\u00edcio puro absorve f\u00f3tons que removem os seus el\u00e9trons at\u00f4micos, os quais, liberados, produzem uma corrente el\u00e9trica. Esse processo de funcionamento das baterias solares faz lembrar, de algum modo, aspectos infinitamente superiores, mas at\u00e9 certo ponto tecnicamente assemelhados, da evolu\u00e7\u00e3o.<\/p>\n\n\n\n<div class=\"wp-block-image\"><figure class=\"alignleft size-large is-resized\"><img loading=\"lazy\" src=\"https:\/\/www.revistaautadesouza.com\/wp-content\/uploads\/2021\/02\/hands-4153292_1280-1024x682.jpg\" alt=\"\" class=\"wp-image-2265\" width=\"595\" height=\"396\" srcset=\"https:\/\/www.revistaautadesouza.com\/wp-content\/uploads\/2021\/02\/hands-4153292_1280-1024x682.jpg 1024w, https:\/\/www.revistaautadesouza.com\/wp-content\/uploads\/2021\/02\/hands-4153292_1280-300x200.jpg 300w, https:\/\/www.revistaautadesouza.com\/wp-content\/uploads\/2021\/02\/hands-4153292_1280-768x512.jpg 768w, https:\/\/www.revistaautadesouza.com\/wp-content\/uploads\/2021\/02\/hands-4153292_1280.jpg 1280w\" sizes=\"(max-width: 595px) 100vw, 595px\" \/><\/figure><\/div>\n\n\n\n<p>Submetidos aos raios da experi\u00eancia, os esp\u00edritos compostos, isto \u00e9, n\u00e3o puros, que se movem nas faixas da evolu\u00e7\u00e3o terrestre, absorvem progressivamente quanta de luz, que v\u00e3o removendo elementos da carga ps\u00edquica do ser, os quais, liberados, geram, atrav\u00e9s das correntes el\u00e9tricas que produzem, campos magn\u00e9ticos espec\u00edficos.<\/p>\n\n\n\n<p>Estruturando desse modo a pr\u00f3pria aura, os esp\u00edritos criam a atmosfera ps\u00edquica que os envolve e penetra; atmosfera carregada de eletricidade e magnetismo, de raios, ondas e vibra\u00e7\u00f5es. Trata-se de efetivo e poderoso campo de for\u00e7as, gerado por circuitos eletromagn\u00e9ticos fechados, nos quais se fazem sentir os par\u00e2metros de resist\u00eancia, indut\u00e2ncia e capacit\u00e2ncia, asseguradores de compensa\u00e7\u00e3o, equil\u00edbrio e ac\u00famulo de energias de sustenta\u00e7\u00e3o.<\/p>\n\n\n\n<p>\u00c9 assim que o campo de for\u00e7as da pr\u00f3pria aura delimita o mundo individual de cada esp\u00edrito; mas n\u00e3o somente o delimita, como tamb\u00e9m o caracteriza, porque possui peso espec\u00edfico determinado, densidade pr\u00f3pria e condi\u00e7\u00f5es peculiares de colora\u00e7\u00e3o, sonoridade, velocidade eletr\u00f4nica e ritmo vibrat\u00f3rio.<\/p>\n\n\n\n<p>A mente espiritual \u00e9 o seu fulcro, sua geratriz e seu n\u00facleo de comando, atrav\u00e9s de todas as transforma\u00e7\u00f5es que experimenta, inclusive as que decorrem das reciclagens biol\u00f3gicas provocadas pelos fen\u00f4menos da morte f\u00edsica, da reencarna\u00e7\u00e3o, da ovoidiza\u00e7\u00e3o, da regress\u00e3o temporal e outros.<\/p>\n\n\n\n<p>\u00c9, ainda, atrav\u00e9s de sua aura que o esp\u00edrito assimila, armazena e exterioriza os princ\u00edpios c\u00f3smicos de que fundamentalmente se alimenta, funcionando nisso como transformador por excel\u00eancia de energia, para si e para os seus semelhantes, pois cada esp\u00edrito respira e vive em faixas vibrat\u00f3rias comuns a todas as mentes a que se liga, no plano evolutivo que lhe \u00e9 pr\u00f3prio.<\/p>\n\n\n\n<p>Em verdade, cada esp\u00edrito \u00e9 qual complexa usina integrante de vasta rede de outras in\u00fameras usinas, cujo conjunto se auto&#8211;sustenta, como um sistema aut\u00f4nomo, a equilibrar-se no infinito mar da evolu\u00e7\u00e3o.<\/p>\n\n\n\n<p>Via das trocas incessantes que dinamicamente se processam nesses circuitos de energia viva, manifestam-se os fen\u00f4menos da afinidade e os da mediunidade espont\u00e2nea, a produzirem est\u00edmulos de influencia\u00e7\u00e3o, fecunda\u00e7\u00e3o ideol\u00f3gica e atra\u00e7\u00e3o ps\u00edquica, respons\u00e1veis pela seq\u00fc\u00eancia evolucion\u00e1ria dos sistemas an\u00edmicos, no seio da vida universal.<\/p>\n\n\n\n<p>Ningu\u00e9m, portanto, se prejudica a si mesmo sem lesar a todos quantos se lhe associam na grande economia da vida; e, do mesmo modo, todo aquele que se melhora, enriquece e ascende, beneficia direta e eficazmente a todos os seus companheiros de jornada espiritual.<\/p>\n\n\n\n<p>O fen\u00f4meno do eco n\u00e3o se restringe \u00e0 reflex\u00e3o de um som; \u00e9 tamb\u00e9m, na esfera dos pensamentos e dos sentimentos, repercuss\u00e3o de id\u00e9ias e emo\u00e7\u00f5es, na gera\u00e7\u00e3o infinita de recursos novos e de for\u00e7as vivas, de efeitos certos, seja nas semeaduras de dor, seja nas planta\u00e7\u00f5es sublimes de alegria.<\/p>\n\n\n\n<p><br>\u00c1ureo. <em>Universo e vida<\/em>. Psicografia de Hernani T. Santana,\u00a05.ed., Cap. 5, item 2.<\/p>\n","protected":false},"excerpt":{"rendered":"<p>\u00c9, ainda, atrav\u00e9s de sua aura que o esp\u00edrito assimila, armazena e exterioriza os princ\u00edpios c\u00f3smicos de que fundamentalmente se alimenta, funcionando nisso como transformador por excel\u00eancia de energia, para si e para os seus semelhantes.<\/p>\n","protected":false},"author":5,"featured_media":2269,"comment_status":"open","ping_status":"open","sticky":false,"template":"","format":"standard","meta":[],"categories":[18],"tags":[28],"amp_enabled":true,"_links":{"self":[{"href":"https:\/\/www.revistaautadesouza.com\/index.php\/wp-json\/wp\/v2\/posts\/2264"}],"collection":[{"href":"https:\/\/www.revistaautadesouza.com\/index.php\/wp-json\/wp\/v2\/posts"}],"about":[{"href":"https:\/\/www.revistaautadesouza.com\/index.php\/wp-json\/wp\/v2\/types\/post"}],"author":[{"embeddable":true,"href":"https:\/\/www.revistaautadesouza.com\/index.php\/wp-json\/wp\/v2\/users\/5"}],"replies":[{"embeddable":true,"href":"https:\/\/www.revistaautadesouza.com\/index.php\/wp-json\/wp\/v2\/comments?post=2264"}],"version-history":[{"count":2,"href":"https:\/\/www.revistaautadesouza.com\/index.php\/wp-json\/wp\/v2\/posts\/2264\/revisions"}],"predecessor-version":[{"id":2271,"href":"https:\/\/www.revistaautadesouza.com\/index.php\/wp-json\/wp\/v2\/posts\/2264\/revisions\/2271"}],"wp:featuredmedia":[{"embeddable":true,"href":"https:\/\/www.revistaautadesouza.com\/index.php\/wp-json\/wp\/v2\/media\/2269"}],"wp:attachment":[{"href":"https:\/\/www.revistaautadesouza.com\/index.php\/wp-json\/wp\/v2\/media?parent=2264"}],"wp:term":[{"taxonomy":"category","embeddable":true,"href":"https:\/\/www.revistaautadesouza.com\/index.php\/wp-json\/wp\/v2\/categories?post=2264"},{"taxonomy":"post_tag","embeddable":true,"href":"https:\/\/www.revistaautadesouza.com\/index.php\/wp-json\/wp\/v2\/tags?post=2264"}],"curies":[{"name":"wp","href":"https:\/\/api.w.org\/{rel}","templated":true}]}}