{"id":2252,"date":"2021-02-20T22:16:49","date_gmt":"2021-02-21T01:16:49","guid":{"rendered":"https:\/\/www.revistaautadesouza.com\/?p=2252"},"modified":"2021-02-20T22:16:49","modified_gmt":"2021-02-21T01:16:49","slug":"energia-e-evolucao-tempo-e-velocidade","status":"publish","type":"post","link":"https:\/\/www.revistaautadesouza.com\/index.php\/2021\/02\/20\/energia-e-evolucao-tempo-e-velocidade\/","title":{"rendered":"Energia e Evolu\u00e7\u00e3o &#8211; Tempo e Velocidade"},"content":{"rendered":"\n<p><\/p>\n\n\n\n<div class=\"wp-block-image\"><figure class=\"alignleft size-large is-resized\"><img loading=\"lazy\" src=\"https:\/\/www.revistaautadesouza.com\/wp-content\/uploads\/2021\/02\/hourglass-620397_1280-1024x772.jpg\" alt=\"\" class=\"wp-image-2253\" width=\"533\" height=\"402\" srcset=\"https:\/\/www.revistaautadesouza.com\/wp-content\/uploads\/2021\/02\/hourglass-620397_1280-1024x772.jpg 1024w, https:\/\/www.revistaautadesouza.com\/wp-content\/uploads\/2021\/02\/hourglass-620397_1280-300x226.jpg 300w, https:\/\/www.revistaautadesouza.com\/wp-content\/uploads\/2021\/02\/hourglass-620397_1280-768x579.jpg 768w, https:\/\/www.revistaautadesouza.com\/wp-content\/uploads\/2021\/02\/hourglass-620397_1280.jpg 1280w\" sizes=\"(max-width: 533px) 100vw, 533px\" \/><\/figure><\/div>\n\n\n\n<p>S\u00f3 as poderos\u00edssimas energias de natureza divina que estruturam a mente espiritual s\u00e3o capazes de renovar-se sem desagregar-se, assegurando vida eterna individuada ao esp\u00edrito e garantindo-lhe perman\u00eancia e evolu\u00e7\u00e3o infinitas. Tudo mais, no universo das formas e das subst\u00e2ncias, se transforma cont\u00ednua e estruturalmente, sob a tens\u00e3o das for\u00e7as pulsantes que imp\u00f5em inestanc\u00e1vel renova\u00e7\u00e3o, atrav\u00e9s de processos din\u00e2micos de desagrega\u00e7\u00e3o e de sempre novas agrega\u00e7\u00f5es elementais que respondem pela conserva\u00e7\u00e3o, em regime de equil\u00edbrio de trocas, de todos os tipos e estados da energia.<\/p>\n\n\n\n<p>Entendido isso, pode-se compreender que, se a morte n\u00e3o existe no Universo, em termos de niilismo, existe nos de transmuta\u00e7\u00e3o incessante, significando sempre o fim de cada processo temporal, fim que \u00e9 tamb\u00e9m, em si mesmo, novo come\u00e7o, na qu\u00edmica das transforma\u00e7\u00f5es. Havendo, pois, para tudo quanto \u00e9 temporal, come\u00e7o e fim, h\u00e1, igualmente, para tudo quanto \u00e9 temporal, nascimento e morte. Da\u00ed podermos dizer que o tempo \u00e9, por defini\u00e7\u00e3o, a trajet\u00f3ria de uma onda eletromagn\u00e9tica, do seu nascimento at\u00e9 a sua morte. Por isso ele \u00e9 uma das dimens\u00f5es fixas do nosso Universo, porque est\u00e1vel \u00e9, em nosso plano, a velocidade das ondas eletromagn\u00e9ticas.<br><img alt=\"\" src=\"http:\/\/www.revistaautadesouza.com\/public\/imagem\/gerenciador\/tempo-02_02_2019.jpg\"><\/p>\n\n\n\n<p>O tempo, por\u00e9m, somente pode existir em sistemas isolados, ou fechados, e tem a natureza de cada sistema. Como tudo, no macro e no microcosmo, e em todos os Universos, s\u00e3o sistemas, somente em termos de Divindade podemos imaginar a intemporalidade absoluta, que \u00e9 o conceito extremado e perfeito de eternidade. Fora disso, no mundo das mensura\u00e7\u00f5es, qualquer que seja o n\u00edvel, o tempo existir\u00e1, com suas cargas eletromagn\u00e9ticas identific\u00e1veis, dimension\u00e1veis, limitadas e, portanto, sujeitas a sofrer a a\u00e7\u00e3o das ondas mentais superiores.<\/p>\n\n\n\n<p>A rigor, cada mente, \u00e0 medida que se expande ou se contrai, em sua marcha evolutiva, estrutura e dimensiona o seu espa\u00e7o e o seu tempo, na exata correspond\u00eancia dos ritmos vitais que lhe s\u00e3o pr\u00f3prios. \u00c9 claro que, assim como s\u00f3 pouco a pouco o esp\u00edrito vai-se libertando dos automatismos, \u00e0 medida que desenvolve valores conscienciais e capacidade de autogoverno, tamb\u00e9m se acomodar\u00e1 inconscientemente ou semi-inconscientemente \u00e0s suas faixas de tempo e espa\u00e7o, at\u00e9 atingir est\u00e1gios superiores de conhecimento e poder.<\/p>\n\n\n\n<p>Cada ser vive e atua em faixas pr\u00f3prias de freq\u00fc\u00eancia vibrat\u00f3ria, na comunh\u00e3o com os seus afins, forjando a pr\u00f3pria economia energ\u00e9tica na incessante permuta de for\u00e7as alimentares, transformadoras e conservadoras, dos mais diferentes tipos e condi\u00e7\u00f5es. Articulando tecidos de for\u00e7a que o envolvem, o esp\u00edrito constr\u00f3i, atrav\u00e9s de sinergias funcionais, o cosmo individual em que se move e por cujo equil\u00edbrio responde.<\/p>\n\n\n\n<p>E como a energia \u00e9 t\u00e3o suscet\u00edvel de sublimar-se como de degenerar, pode a mente provocar, mesmo inconscientemente, n\u00e3o apenas explos\u00f5es nucleares incontroladas em sua pr\u00f3pria aura, mas igualmente implos\u00f5es at\u00f4micas destruidoras em seu corpo espiritual, criando pus energ\u00e9tico, com que intoxica o seu mundo individual e contamina as noures a que se ajusta. \u00c9 com essa lama psicofisica, dotada de for\u00e7as f\u00edsico-qu\u00edmicas e eletromagn\u00e9ticas degeneradas, que intelig\u00eancias pervertidas constr\u00f3em a argamassa de regi\u00f5es e at\u00e9 de imp\u00e9rios infernais, onde a mat\u00e9ria mental apodrecida e a energia de baixo teor vibrat\u00f3rio obedecem a princ\u00edpios de equil\u00edbrio corrompidos por diferencia\u00e7\u00f5es inomin\u00e1veis, sob o comando de mentes enlouquecidas no mal.<\/p>\n\n\n\n<p>\u00c9 bem verdade que, agindo em nome do Amor Divino, o Pensamento Cr\u00edstico interv\u00e9m diretamente, de ciclo em ciclo, provocando desastres eletromagn\u00e9ticos desintegradores dessas constru\u00e7\u00f5es e gerando condi\u00e7\u00f5es constritivas que for\u00e7am a eclos\u00e3o de circunst\u00e2ncias regeneradoras em multid\u00f5es de esp\u00edritos prisioneiros dessas esferas flu\u00eddicas infelizes; mas, sem embargo disso, o tempo agiria por si mesmo, no esgotamento, embora a longu\u00edssimos prazos, desses fulcros ins\u00f3litos de degeneresc\u00eancia.<\/p>\n\n\n\n<p>Opostamente a tudo isso, a a\u00e7\u00e3o cont\u00ednua de ondas mentais de alta freq\u00fc\u00eancia provoca desintegra\u00e7\u00f5es em cadeia, suscet\u00edveis de aniquilar o corpo espiritual dos seres que alcan\u00e7am as mais altas faixas da evolu\u00e7\u00e3o terrestre, determinando maior velocidade ao seu pensamento, que passa a vibrar em ritmos ainda insuspeitados pela ci\u00eancia terrestre, que julga serem os 300 mil quil\u00f4metros por segundo a velocidade constante de qualquer esp\u00e9cie de luz. Se isso \u00e9 verdadeiro no que tange a todos os tipos de ondas eletromagn\u00e9ticas conhecidas pelo homem, tamb\u00e9m \u00e9 certo que, no reino das vibra\u00e7\u00f5es suprac\u00f3smicas, atuam ondas mentais de insuspeitada curteza, emanadas de mentes ang\u00e9licas e cr\u00edsticas, cuja freq\u00fc\u00eancia vibrat\u00f3ria escapa inteiramente \u00e0 nossa capacidade atual de investiga\u00e7\u00e3o.<\/p>\n\n\n\n<p>\u00c1ureo. <em>Universo e vida<\/em>. Psicografia de Hernani T. Santana,\u00a0 5.ed., pag.72 &#8211; 74<\/p>\n","protected":false},"excerpt":{"rendered":"<p>O tempo, por\u00e9m, somente pode existir em sistemas isolados, ou fechados, e tem a natureza de cada sistema. Como tudo, no macro e no microcosmo, e em todos os Universos, s\u00e3o sistemas, somente em termos de Divindade podemos imaginar a intemporalidade absoluta, que \u00e9 o conceito extremado e perfeito de eternidade.<\/p>\n","protected":false},"author":5,"featured_media":2259,"comment_status":"open","ping_status":"open","sticky":false,"template":"","format":"standard","meta":[],"categories":[18],"tags":[28],"amp_enabled":true,"_links":{"self":[{"href":"https:\/\/www.revistaautadesouza.com\/index.php\/wp-json\/wp\/v2\/posts\/2252"}],"collection":[{"href":"https:\/\/www.revistaautadesouza.com\/index.php\/wp-json\/wp\/v2\/posts"}],"about":[{"href":"https:\/\/www.revistaautadesouza.com\/index.php\/wp-json\/wp\/v2\/types\/post"}],"author":[{"embeddable":true,"href":"https:\/\/www.revistaautadesouza.com\/index.php\/wp-json\/wp\/v2\/users\/5"}],"replies":[{"embeddable":true,"href":"https:\/\/www.revistaautadesouza.com\/index.php\/wp-json\/wp\/v2\/comments?post=2252"}],"version-history":[{"count":4,"href":"https:\/\/www.revistaautadesouza.com\/index.php\/wp-json\/wp\/v2\/posts\/2252\/revisions"}],"predecessor-version":[{"id":2261,"href":"https:\/\/www.revistaautadesouza.com\/index.php\/wp-json\/wp\/v2\/posts\/2252\/revisions\/2261"}],"wp:featuredmedia":[{"embeddable":true,"href":"https:\/\/www.revistaautadesouza.com\/index.php\/wp-json\/wp\/v2\/media\/2259"}],"wp:attachment":[{"href":"https:\/\/www.revistaautadesouza.com\/index.php\/wp-json\/wp\/v2\/media?parent=2252"}],"wp:term":[{"taxonomy":"category","embeddable":true,"href":"https:\/\/www.revistaautadesouza.com\/index.php\/wp-json\/wp\/v2\/categories?post=2252"},{"taxonomy":"post_tag","embeddable":true,"href":"https:\/\/www.revistaautadesouza.com\/index.php\/wp-json\/wp\/v2\/tags?post=2252"}],"curies":[{"name":"wp","href":"https:\/\/api.w.org\/{rel}","templated":true}]}}