{"id":2242,"date":"2021-02-20T17:21:49","date_gmt":"2021-02-20T20:21:49","guid":{"rendered":"https:\/\/www.revistaautadesouza.com\/?p=2242"},"modified":"2021-02-20T17:21:49","modified_gmt":"2021-02-20T20:21:49","slug":"energia-e-evolucao-infeccao-e-purgacao","status":"publish","type":"post","link":"https:\/\/www.revistaautadesouza.com\/index.php\/2021\/02\/20\/energia-e-evolucao-infeccao-e-purgacao\/","title":{"rendered":"Energia e Evolu\u00e7\u00e3o &#8211; Infec\u00e7\u00e3o e Purga\u00e7\u00e3o"},"content":{"rendered":"\n<h1><\/h1>\n\n\n\n<p>Acionados os mecanismos do gravador comum, a fita magn\u00e9tica vai sendo sensibilizada pelas vibra\u00e7\u00f5es sonoras que nela se registram. Quando termina a grava\u00e7\u00e3o, se se quer ouvir o que foi gravado, deve-se reenrolar a fita em sentido contr\u00e1rio.<\/p>\n\n\n\n<div class=\"wp-block-image\"><figure class=\"alignleft size-large is-resized\"><img loading=\"lazy\" src=\"https:\/\/www.revistaautadesouza.com\/wp-content\/uploads\/2021\/02\/rebirth.jpg\" alt=\"\" class=\"wp-image-2245\" width=\"636\" height=\"406\" srcset=\"https:\/\/www.revistaautadesouza.com\/wp-content\/uploads\/2021\/02\/rebirth.jpg 720w, https:\/\/www.revistaautadesouza.com\/wp-content\/uploads\/2021\/02\/rebirth-300x192.jpg 300w\" sizes=\"(max-width: 636px) 100vw, 636px\" \/><\/figure><\/div>\n\n\n\n<p>Mutatis mutandis, ocorre tamb\u00e9m assim com os registros da mem\u00f3ria. Nela se v\u00e3o gravando automaticamente todos os acontecimentos da vida, at\u00e9 que o choque biol\u00f3gico da desencarna\u00e7\u00e3o desata os mecanismos de revis\u00e3o e arquivamento de todas as experi\u00eancias gravadas ao longo da etapa existencial encerrada.<\/p>\n\n\n\n<p>Acontece que nem sempre todas as experi\u00eancias ent\u00e3o revistas podem ser simplesmente arquivadas na mem\u00f3ria profunda da mente, por n\u00e3o haverem sido por esta absorvidas. S\u00e3o os casos pendentes, ainda n\u00e3o encerrados, que traduzem, na maioria das vezes, realidades que a consci\u00eancia n\u00e3o consegue aceitar.<\/p>\n\n\n\n<p>Essa rejei\u00e7\u00e3o consciencial gera conflito mental interno, ou indigest\u00e3o ps\u00edquica, provocando no esp\u00edrito o reconhecimento do erro e o conseq\u00fcente remorso, ou, o que \u00e9 pior, a orgulhosa ou cega ratifica\u00e7\u00e3o do erro, causadora de revolta e empedernimento.<\/p>\n\n\n\n<p>De qualquer modo, a rejei\u00e7\u00e3o consciencial tem como inelut\u00e1vel conseq\u00fc\u00eancia a n\u00e3o assimila\u00e7\u00e3o das concentra\u00e7\u00f5es energ\u00e9ticas correspondentes \u00e0s formas-pensamentos que duplicam os fatos, mantendo-os &#8220;vivos&#8221; e atuantes na aura do esp\u00edrito, \u00e0 maneira de tumores aut\u00f4nomos, simples ou em rede, a afetarem o corpo espiritual e o lesarem.<\/p>\n\n\n\n<p>No caso do remorso, o tumor se transforma em abscesso energ\u00e9tico, a exigir imediata drenagem; no caso do empedernimento, o tumor cria carnic\u00e3o e se estratifica, realimentado pela continuidade dos pensamentos-for\u00e7a da mente, arrastando o esp\u00edrito a longas incurs\u00f5es nos despenhadeiros da revolta, onde n\u00e3o raro se transforma transitoriamente em dem\u00f4nio, a servi\u00e7o mais ou menos prolongado das Trevas.<\/p>\n\n\n\n<p>As opera\u00e7\u00f5es de drenagem ps\u00edquica s\u00e3o dolorosas e variam de tempo e intensidade, caso por caso, mas resultam sempre na recupera\u00e7\u00e3o relativa do esp\u00edrito para futuras retifica\u00e7\u00f5es de conduta, sem preju\u00edzo da continuidade, a breve trecho, de sua marcha evolutiva ascensional.<\/p>\n\n\n\n<p>Quando a revolta se cristaliza no monoide\u00edsmo, onde as id\u00e9ias fixas funcionam como escoadouros de energia, em excessivo disp\u00eandio de for\u00e7as vitais, pode o esp\u00edrito chegar facilmente \u00e0 perda do psicossoma, ovoidizando-se, caso em que se reveste t\u00e3o-s\u00f3 da t\u00fanica energ\u00e9tica mental, \u00e0 maneira de semente em regime de hiberna\u00e7\u00e3o.<br><img alt=\"\" src=\"http:\/\/www.revistaautadesouza.com\/public\/imagem\/gerenciador\/poder-da-mente-08_10_2017.jpg\"><\/p>\n\n\n\n<p>Chegue ou n\u00e3o a esse extremo, o esp\u00edrito responder\u00e1, naturalmente, perante si mesmo, pelos fulcros de les\u00f5es mento-psicof\u00edsicas que gera, para seu pr\u00f3prio preju\u00edzo, imediato e futuro.<\/p>\n\n\n\n<p>No que tange \u00e0 drenagem a que nos referimos, importa consideremos que o pus energ\u00e9tico a ser expelido decorre das transforma\u00e7\u00f5es psicof\u00edsico-qu\u00edmicas das energias degeneradas que foram segregadas pela mente e incorporadas \u00e0 economia vital do ser, representando for\u00e7as \u00eddeoemotivas de teor e peso espec\u00edficos.<\/p>\n\n\n\n<p>Necess\u00e1rio entendamos que as formas-pensamentos nem sempre s\u00e3o concentra\u00e7\u00f5es energ\u00e9ticas facilmente desagreg\u00e1veis. Conforme a natureza \u00eddeo-emotiva de sua estrutura e a intensidade e const\u00e2ncia dos pensamentos de que se nutrem, podem tornar-se verdadeiros carcinomas, monstruosos &#8220;seres&#8221; automatizados e atuantes, certamente transit\u00f3rios, mas capazes, em certos casos, de subsistir at\u00e9 por mil\u00eanios inteiros de tempo terrestre, antes de desfazer-se.<\/p>\n\n\n\n<p>A expia\u00e7\u00e3o, de que fala a Doutrina Esp\u00edrita, n\u00e3o \u00e9 sen\u00e3o a purga\u00e7\u00e3o purificadora do mal que infeccionou o esp\u00edrito. Este, atrav\u00e9s dela, restaura a pr\u00f3pria sa\u00fade e se liberta das impurezas que o afligem e lhe retardam a felicidade.<\/p>\n\n\n\n<p>Notemos, por\u00e9m, que os mecanismos expiat\u00f3rios n\u00e3o obedecem a uma f\u00f3rmula \u00fanica. Se a dor dissolve o mal, o amor consegue transform\u00e1-lo.<\/p>\n\n\n\n<p>Lembremo-nos de que tudo o que existe \u00e9 suscet\u00edvel de servir ao bem, sob o comando soberano da mente espiritual. O mal, seja qual for a sua natureza, \u00e9 sempre apenas uma degeneresc\u00eancia do bem (*), porque a ess\u00eancia de toda a Cria\u00e7\u00e3o repousa na Suprema Perfei\u00e7\u00e3o do Amoroso Criador dos Universos.<\/p>\n\n\n\n<p>\u00c1ureo.<em>\u00a0Universo e vida<\/em>.  Psicografia de Hernani T. Santana, 5.ed., pag.79-80<\/p>\n\n\n\n<p>(\u2022) Irm\u00e3o Thiesen,<\/p>\n\n\n\n<p>Paz conosco.<br>Realmente, o bem absoluto jamais degenera. Entretanto, o bem absoluto \u00e9 exclusividade divina. A li\u00e7\u00e3o de Jesus \u00e9 clara: &#8220;S\u00f3 Deus \u00e9 bom.&#8221; Na relatividade dos valores universais tudo est\u00e1 sempre evoluindo,o que Importa dizer: tudo est\u00e1 em permanente transforma\u00e7\u00e3o, longe daquela definitividade Ideal do absoluto.<\/p>\n\n\n\n<p>Estranhando express\u00f5es usadas pelo Esp\u00edrito Autor \u2014 degeneresc\u00eancia do bem \u2014, fizemos-lhe observa\u00e7\u00e3o que nos valeu a resposta acima, em 6-8-1976. A sugest\u00e3o de retirar do \u00faltimo par\u00e1grafo aquelas express\u00f5es, preferimos, \u00e0 guisa de novo ensinamento, reproduzir aqui as palavras esclarecedoras de \u00c1ureo, que o pr\u00f3prio leitor avaliar\u00e1. &#8211; A Dire\u00e7\u00e3o do &#8220;REFORMADOR&#8221;&nbsp;<\/p>\n","protected":false},"excerpt":{"rendered":"<p>Necess\u00e1rio entendamos que as formas-pensamentos nem sempre s\u00e3o concentra\u00e7\u00f5es energ\u00e9ticas facilmente desagreg\u00e1veis. <\/p>\n","protected":false},"author":5,"featured_media":2249,"comment_status":"open","ping_status":"open","sticky":false,"template":"","format":"standard","meta":[],"categories":[18],"tags":[28],"amp_enabled":true,"_links":{"self":[{"href":"https:\/\/www.revistaautadesouza.com\/index.php\/wp-json\/wp\/v2\/posts\/2242"}],"collection":[{"href":"https:\/\/www.revistaautadesouza.com\/index.php\/wp-json\/wp\/v2\/posts"}],"about":[{"href":"https:\/\/www.revistaautadesouza.com\/index.php\/wp-json\/wp\/v2\/types\/post"}],"author":[{"embeddable":true,"href":"https:\/\/www.revistaautadesouza.com\/index.php\/wp-json\/wp\/v2\/users\/5"}],"replies":[{"embeddable":true,"href":"https:\/\/www.revistaautadesouza.com\/index.php\/wp-json\/wp\/v2\/comments?post=2242"}],"version-history":[{"count":2,"href":"https:\/\/www.revistaautadesouza.com\/index.php\/wp-json\/wp\/v2\/posts\/2242\/revisions"}],"predecessor-version":[{"id":2251,"href":"https:\/\/www.revistaautadesouza.com\/index.php\/wp-json\/wp\/v2\/posts\/2242\/revisions\/2251"}],"wp:featuredmedia":[{"embeddable":true,"href":"https:\/\/www.revistaautadesouza.com\/index.php\/wp-json\/wp\/v2\/media\/2249"}],"wp:attachment":[{"href":"https:\/\/www.revistaautadesouza.com\/index.php\/wp-json\/wp\/v2\/media?parent=2242"}],"wp:term":[{"taxonomy":"category","embeddable":true,"href":"https:\/\/www.revistaautadesouza.com\/index.php\/wp-json\/wp\/v2\/categories?post=2242"},{"taxonomy":"post_tag","embeddable":true,"href":"https:\/\/www.revistaautadesouza.com\/index.php\/wp-json\/wp\/v2\/tags?post=2242"}],"curies":[{"name":"wp","href":"https:\/\/api.w.org\/{rel}","templated":true}]}}