{"id":2151,"date":"2020-12-05T14:51:45","date_gmt":"2020-12-05T17:51:45","guid":{"rendered":"https:\/\/www.revistaautadesouza.com\/?p=2151"},"modified":"2020-12-05T14:52:48","modified_gmt":"2020-12-05T17:52:48","slug":"energia-e-evolucao-profecia-e-livre-arbitrio","status":"publish","type":"post","link":"https:\/\/www.revistaautadesouza.com\/index.php\/2020\/12\/05\/energia-e-evolucao-profecia-e-livre-arbitrio\/","title":{"rendered":"Energia e Evolu\u00e7\u00e3o &#8211; Profecia e livre-arb\u00edtrio"},"content":{"rendered":"\n<p><\/p>\n\n\n\n<div class=\"wp-block-image\"><figure class=\"alignleft size-large is-resized\"><img loading=\"lazy\" src=\"https:\/\/www.revistaautadesouza.com\/wp-content\/uploads\/2020\/12\/spiral-staircase-430907_1280-768x1024.jpg\" alt=\"\" class=\"wp-image-2154\" width=\"471\" height=\"627\" srcset=\"https:\/\/www.revistaautadesouza.com\/wp-content\/uploads\/2020\/12\/spiral-staircase-430907_1280-768x1024.jpg 768w, https:\/\/www.revistaautadesouza.com\/wp-content\/uploads\/2020\/12\/spiral-staircase-430907_1280-225x300.jpg 225w, https:\/\/www.revistaautadesouza.com\/wp-content\/uploads\/2020\/12\/spiral-staircase-430907_1280.jpg 960w\" sizes=\"(max-width: 471px) 100vw, 471px\" \/><\/figure><\/div>\n\n\n\n<p>&#8220;Se o espa\u00e7o-tempo n\u00e3o fosse curvo, profetizar seria, a rigor, invi\u00e1vel; entretanto, raios mentais de grande pot\u00eancia podem tocar em registros magn\u00e9ticos do passado, ainda persistentes, ou em proje\u00e7\u00f5es ideais do futuro, resultantes de mentaliza\u00e7\u00f5es concentradas, provocando processos de reflex\u00e3o tecnicamente semelhante \u00e0 que \u00e9 detectada pelo radar.<\/p>\n\n\n\n<p>Abrimos aqui um par\u00eantese para lembrar que o homem terrestre j\u00e1 consegue produzir microondas de grande estabilidade, pot\u00eancias enormes, de mais de 10 megawatts, e freq\u00fc\u00eancias que v\u00e3o desde 1.000 at\u00e9 75.000 megaciclos\/seg (30cm a 4mm). Um sistema de radar modulado por impulsos irradia energia em impulsos curtos, intensos, de dura\u00e7\u00e3o aproximada de um microssegundo.<\/p>\n\n\n\n<p>O magnetron, operando com um campo magn\u00e9tico de valor cr\u00edtico, produz oscila\u00e7\u00f5es de frequ\u00eancia muito elevada, da ordem de 3.000 megaciclos\/seg, em raz\u00e3o das correntes induzidas pelos el\u00e9trons em r\u00e1pido movimento circular. Aceleradores lineares, baseados no uso de uma s\u00e9rie de transmissores de microondas, podem produzir part\u00edculas de energias at\u00e9 20.000 Mev.<\/p>\n\n\n\n<p>Voltando, por\u00e9m, ao assunto inicial, \u00e9 for\u00e7a reconhecermos que longa \u00e9, para n\u00f3s, a persist\u00eancia dos registros magn\u00e9ticos na aura planet\u00e1ria, porque lento \u00e9, para o nosso biorritmo, o processo de decaimento radioativo da mat\u00e9ria, bastando ter-se em conta que um grama de radium 88Ra226 leva 1.620 anos para que decaia a metade dos seus \u00e1tomos radioativos.<\/p>\n\n\n\n<p>As mentaliza\u00e7\u00f5es ideais que constroem o futuro s\u00e3o, por\u00e9m, incessantemente emitidas e sempre diferenciadas, podendo dar-se, em raz\u00e3o disso, que algumas concentra\u00e7\u00f5es delas, eventualmente percebidas por mentes encarnadas ou desencarnadas, n\u00e3o correspondam aos fatos, quando estes realmente ocorrem, explicando-se, desse modo, os erros de profecia.<br>Nas opera\u00e7\u00f5es com um radar, temos de considerar o chamado tempo de repeti\u00e7\u00e3o dos impulsos, que \u00e9 o necess\u00e1rio ao retorno do eco.<\/p>\n\n\n\n<p>Quando se opera, por exemplo, com um gerador de 800 ciclos\/seg, o tempo de repeti\u00e7\u00e3o \u00e9 de 1.250 microssegundos. Esse tempo de repeti\u00e7\u00e3o de impulsos \u00e9 importante em nosso estudo porque \u00e9 a sua incid\u00eancia repetida que determina as modifica\u00e7\u00f5es de causalidade respons\u00e1veis pela diferencia\u00e7\u00e3o entre certas mentaliza\u00e7\u00f5es detectadas por profetas e os fatos consumados.<\/p>\n\n\n\n<p>Isto \u00e9 de fundamental import\u00e2ncia para que entendamos as rela\u00e7\u00f5es entre os mecanismos do livre-arb\u00edtrio e os da lei de causa e efeito, porquanto o esp\u00edrito humano, isolada e coletivamente, embora subordinado ao imp\u00e9rio das circunst\u00e2ncias que lhe condicionam o poder de a\u00e7\u00e3o, \u00e9 sempre essencialmente livre para estabelecer e retificar a trajet\u00f3ria do seu destino.&#8221;<\/p>\n\n\n\n<p>\u00c1ureo. <em>Universo e Vida<\/em>. Psicografado por Hernani T. Santana,\u00a0 5.ed., p.82 &#8211; 84<\/p>\n","protected":false},"excerpt":{"rendered":"<p>Entendendo as rela\u00e7\u00f5es entre os mecanismos do livre-arb\u00edtrio e os da lei de causa e efeito<\/p>\n","protected":false},"author":5,"featured_media":2159,"comment_status":"open","ping_status":"open","sticky":false,"template":"","format":"standard","meta":[],"categories":[18],"tags":[28],"amp_enabled":true,"_links":{"self":[{"href":"https:\/\/www.revistaautadesouza.com\/index.php\/wp-json\/wp\/v2\/posts\/2151"}],"collection":[{"href":"https:\/\/www.revistaautadesouza.com\/index.php\/wp-json\/wp\/v2\/posts"}],"about":[{"href":"https:\/\/www.revistaautadesouza.com\/index.php\/wp-json\/wp\/v2\/types\/post"}],"author":[{"embeddable":true,"href":"https:\/\/www.revistaautadesouza.com\/index.php\/wp-json\/wp\/v2\/users\/5"}],"replies":[{"embeddable":true,"href":"https:\/\/www.revistaautadesouza.com\/index.php\/wp-json\/wp\/v2\/comments?post=2151"}],"version-history":[{"count":4,"href":"https:\/\/www.revistaautadesouza.com\/index.php\/wp-json\/wp\/v2\/posts\/2151\/revisions"}],"predecessor-version":[{"id":2162,"href":"https:\/\/www.revistaautadesouza.com\/index.php\/wp-json\/wp\/v2\/posts\/2151\/revisions\/2162"}],"wp:featuredmedia":[{"embeddable":true,"href":"https:\/\/www.revistaautadesouza.com\/index.php\/wp-json\/wp\/v2\/media\/2159"}],"wp:attachment":[{"href":"https:\/\/www.revistaautadesouza.com\/index.php\/wp-json\/wp\/v2\/media?parent=2151"}],"wp:term":[{"taxonomy":"category","embeddable":true,"href":"https:\/\/www.revistaautadesouza.com\/index.php\/wp-json\/wp\/v2\/categories?post=2151"},{"taxonomy":"post_tag","embeddable":true,"href":"https:\/\/www.revistaautadesouza.com\/index.php\/wp-json\/wp\/v2\/tags?post=2151"}],"curies":[{"name":"wp","href":"https:\/\/api.w.org\/{rel}","templated":true}]}}