{"id":1689,"date":"2020-06-06T22:02:57","date_gmt":"2020-06-07T01:02:57","guid":{"rendered":"http:\/\/161.35.11.199\/?p=1689"},"modified":"2020-07-04T11:08:20","modified_gmt":"2020-07-04T14:08:20","slug":"existe-arte-no-plano-espiritual","status":"publish","type":"post","link":"https:\/\/www.revistaautadesouza.com\/index.php\/2020\/06\/06\/existe-arte-no-plano-espiritual\/","title":{"rendered":"Existe arte no Plano Espiritual?"},"content":{"rendered":"\n<p><strong>Os esp\u00edritos desencarnados cuidam igualmente dos valores art\u00edsticos no plano invis\u00edvel para os homens?<\/strong><\/p>\n\n\n\n<p>&#8220;Temos de convir que todas as express\u00f5es de arte na Terra representam tra\u00e7os de espiritualidade, muitas vezes estranhos a vida do planeta.<\/p>\n\n\n\n<p>Atrav\u00e9s dessa realidade, podereis reconhecer que a arte, em qualquer de suas formas puras, constitui objeto da aten\u00e7\u00e3o carinhosa dos invis\u00edveis, com possibilidades outras que o artista do mundo est\u00e1 muito longe de imaginar.<\/p>\n\n\n\n<div class=\"wp-block-image\"><figure class=\"alignright size-large is-resized\"><img loading=\"lazy\" src=\"http:\/\/161.35.11.199\/wp-content\/uploads\/2020\/06\/arte-no-plano-espiritual-02_12_2017.jpg\" alt=\"\" class=\"wp-image-1691\" width=\"422\" height=\"232\" srcset=\"https:\/\/www.revistaautadesouza.com\/wp-content\/uploads\/2020\/06\/arte-no-plano-espiritual-02_12_2017.jpg 1024w, https:\/\/www.revistaautadesouza.com\/wp-content\/uploads\/2020\/06\/arte-no-plano-espiritual-02_12_2017-300x165.jpg 300w, https:\/\/www.revistaautadesouza.com\/wp-content\/uploads\/2020\/06\/arte-no-plano-espiritual-02_12_2017-768x422.jpg 768w\" sizes=\"(max-width: 422px) 100vw, 422px\" \/><\/figure><\/div>\n\n\n\n<p>No al\u00e9m, \u00e9 com o seu concurso que se reformam os sentimentos mais impiedosos, predispondo as entidades infelizes \u00e0s experi\u00eancias expiat\u00f3rias e purificadoras. E \u00e9 crescendo nos seus dom\u00ednios de perfei\u00e7\u00e3o e da beleza que a alma evolui para Deus, enriquecendo-se nas suas sublimadas maravilhas.\u201d<br>(Emmanuel. <em>O Consolador.<\/em> Psicografado por Francisco C\u00e2ndido Xavier. perg. 168)<\/p>\n","protected":false},"excerpt":{"rendered":"<p>Os Esp\u00edritos superiores apreciam a arte?<\/p>\n","protected":false},"author":4,"featured_media":1693,"comment_status":"open","ping_status":"open","sticky":false,"template":"","format":"standard","meta":[],"categories":[9],"tags":[],"amp_enabled":true,"_links":{"self":[{"href":"https:\/\/www.revistaautadesouza.com\/index.php\/wp-json\/wp\/v2\/posts\/1689"}],"collection":[{"href":"https:\/\/www.revistaautadesouza.com\/index.php\/wp-json\/wp\/v2\/posts"}],"about":[{"href":"https:\/\/www.revistaautadesouza.com\/index.php\/wp-json\/wp\/v2\/types\/post"}],"author":[{"embeddable":true,"href":"https:\/\/www.revistaautadesouza.com\/index.php\/wp-json\/wp\/v2\/users\/4"}],"replies":[{"embeddable":true,"href":"https:\/\/www.revistaautadesouza.com\/index.php\/wp-json\/wp\/v2\/comments?post=1689"}],"version-history":[{"count":1,"href":"https:\/\/www.revistaautadesouza.com\/index.php\/wp-json\/wp\/v2\/posts\/1689\/revisions"}],"predecessor-version":[{"id":1950,"href":"https:\/\/www.revistaautadesouza.com\/index.php\/wp-json\/wp\/v2\/posts\/1689\/revisions\/1950"}],"wp:featuredmedia":[{"embeddable":true,"href":"https:\/\/www.revistaautadesouza.com\/index.php\/wp-json\/wp\/v2\/media\/1693"}],"wp:attachment":[{"href":"https:\/\/www.revistaautadesouza.com\/index.php\/wp-json\/wp\/v2\/media?parent=1689"}],"wp:term":[{"taxonomy":"category","embeddable":true,"href":"https:\/\/www.revistaautadesouza.com\/index.php\/wp-json\/wp\/v2\/categories?post=1689"},{"taxonomy":"post_tag","embeddable":true,"href":"https:\/\/www.revistaautadesouza.com\/index.php\/wp-json\/wp\/v2\/tags?post=1689"}],"curies":[{"name":"wp","href":"https:\/\/api.w.org\/{rel}","templated":true}]}}