{"id":1501,"date":"2020-06-06T18:11:30","date_gmt":"2020-06-06T21:11:30","guid":{"rendered":"http:\/\/161.35.11.199\/?p=1501"},"modified":"2020-06-06T18:12:14","modified_gmt":"2020-06-06T21:12:14","slug":"grandes-mensageiros-estao-entre-vos","status":"publish","type":"post","link":"https:\/\/www.revistaautadesouza.com\/index.php\/2020\/06\/06\/grandes-mensageiros-estao-entre-vos\/","title":{"rendered":"Grandes mensageiros est\u00e3o entre v\u00f3s"},"content":{"rendered":"\n<div class=\"wp-block-image\"><figure class=\"alignleft size-large\"><img loading=\"lazy\" width=\"550\" height=\"392\" src=\"http:\/\/161.35.11.199\/wp-content\/uploads\/2020\/06\/nosso-lar-1-08_10_2017-2.jpg\" alt=\"\" class=\"wp-image-1509\" srcset=\"https:\/\/www.revistaautadesouza.com\/wp-content\/uploads\/2020\/06\/nosso-lar-1-08_10_2017-2.jpg 550w, https:\/\/www.revistaautadesouza.com\/wp-content\/uploads\/2020\/06\/nosso-lar-1-08_10_2017-2-300x214.jpg 300w\" sizes=\"(max-width: 550px) 100vw, 550px\" \/><\/figure><\/div>\n\n\n\n<p>Imigra\u00e7\u00e3o dos Esp\u00edritos superiores para a Terra.&nbsp;(Sociedade Esp\u00edrita de Paris, 7 de outubro de 1864. &#8211; M\u00e9dium, Sr. Delanne.)<\/p>\n\n\n\n<p>Falar-vos-ei esta noite sobre as imigra\u00e7\u00f5es de Esp\u00edritos avan\u00e7ados que v\u00eam seencarnar sobre vossa Terra. J\u00e1 esses novos mensageiros retomaram o bast\u00e3o de peregrino; j\u00e1 se espalham aos milhares sobre o vosso globo; por toda a parte est\u00e3o dispostos pelos Esp\u00edritos que dirigem o movimento da transforma\u00e7\u00e3o por grupos, por s\u00e9ries. J\u00e1 a Terra estremece ao sentir em seu seio aqueles que outrora viu passarem atrav\u00e9s de sua Humanidade nascente.<br>Ela se regozija em receb\u00ea-los, porque pressente que v\u00eam para conduzi-la \u00e0 perfei\u00e7\u00e3o, tornando-se os guias dos Esp\u00edritos comuns que t\u00eam necessidade de serem encorajados por bons exemplos.<br>Sim, grandes mensageiros est\u00e3o entre v\u00f3s; s\u00e3o aqueles que se tornar\u00e3o os&nbsp;sustent\u00e1culos da gera\u00e7\u00e3o futura. \u00c0 medida que o Espiritismo vai crescer e se&nbsp;desenvolver, Esp\u00edritos de uma ordem cada vez mais elevada vir\u00e3o sustentar a obra, em raz\u00e3o das necessidades da causa. Por toda a parte Deus distribui sustent\u00e1culos para a Doutrina; eles surgir\u00e3o em tempo e lugar. Assim, sabei esperar com firmeza e confian\u00e7a; tudo o que foi predito acontecer\u00e1, como o disse o santo livro, at\u00e9 um iota.<br>Se a transi\u00e7\u00e3o atual, como vem de dizer o mestre, levantou as paix\u00f5es e fez surgir a liga\u00e7\u00e3o dos Esp\u00edritos encarnados e desencarnados, ela tamb\u00e9m revelou o desejo ardente, e uma multid\u00e3o de Esp\u00edritos de uma posi\u00e7\u00e3o superior nos mundos dos turbilh\u00f5es solares, de virem novamente servir aos des\u00edgnios de Deus para esse grande acontecimento.<br>Eis porque dizia h\u00e1 pouco que a imigra\u00e7\u00e3o de Esp\u00edritos superiores se operaria sobre a vossa Terra para ativar a marcha ascendente de vossa Humanidade. Redobrai, pois, de coragem, de zelo, de fervor pela causa sagrada. Sabei-o, nada deter\u00e1 a marcha progressiva do Espiritismo, porque poderosos protetores continuar\u00e3o vossa obra. MESMER.<\/p>\n\n\n\n<p>Allan Kardec.&nbsp;<strong>Revista Esp\u00edrita<\/strong>.&nbsp;maio de 1865)<\/p>\n","protected":false},"excerpt":{"rendered":"<p>Imigra\u00e7\u00e3o dos Esp\u00edritos superiores para a Terra.<\/p>\n","protected":false},"author":2,"featured_media":1507,"comment_status":"open","ping_status":"open","sticky":false,"template":"","format":"standard","meta":[],"categories":[6],"tags":[],"amp_enabled":true,"_links":{"self":[{"href":"https:\/\/www.revistaautadesouza.com\/index.php\/wp-json\/wp\/v2\/posts\/1501"}],"collection":[{"href":"https:\/\/www.revistaautadesouza.com\/index.php\/wp-json\/wp\/v2\/posts"}],"about":[{"href":"https:\/\/www.revistaautadesouza.com\/index.php\/wp-json\/wp\/v2\/types\/post"}],"author":[{"embeddable":true,"href":"https:\/\/www.revistaautadesouza.com\/index.php\/wp-json\/wp\/v2\/users\/2"}],"replies":[{"embeddable":true,"href":"https:\/\/www.revistaautadesouza.com\/index.php\/wp-json\/wp\/v2\/comments?post=1501"}],"version-history":[{"count":0,"href":"https:\/\/www.revistaautadesouza.com\/index.php\/wp-json\/wp\/v2\/posts\/1501\/revisions"}],"wp:featuredmedia":[{"embeddable":true,"href":"https:\/\/www.revistaautadesouza.com\/index.php\/wp-json\/wp\/v2\/media\/1507"}],"wp:attachment":[{"href":"https:\/\/www.revistaautadesouza.com\/index.php\/wp-json\/wp\/v2\/media?parent=1501"}],"wp:term":[{"taxonomy":"category","embeddable":true,"href":"https:\/\/www.revistaautadesouza.com\/index.php\/wp-json\/wp\/v2\/categories?post=1501"},{"taxonomy":"post_tag","embeddable":true,"href":"https:\/\/www.revistaautadesouza.com\/index.php\/wp-json\/wp\/v2\/tags?post=1501"}],"curies":[{"name":"wp","href":"https:\/\/api.w.org\/{rel}","templated":true}]}}