{"id":147,"date":"2020-04-22T12:49:36","date_gmt":"2020-04-22T15:49:36","guid":{"rendered":"http:\/\/161.35.11.199\/?p=147"},"modified":"2020-04-22T12:51:03","modified_gmt":"2020-04-22T15:51:03","slug":"reuniao-de-pais-por-que-os-pais-devem-levar-seus-filhos-a-escola-de-evangelizacao-infantil","status":"publish","type":"post","link":"https:\/\/www.revistaautadesouza.com\/index.php\/2020\/04\/22\/reuniao-de-pais-por-que-os-pais-devem-levar-seus-filhos-a-escola-de-evangelizacao-infantil\/","title":{"rendered":"Reuni\u00e3o de pais: Por que os pais devem levar seus filhos \u00e0 Escola de Evangeliza\u00e7\u00e3o Infantil?"},"content":{"rendered":"\n<div class=\"wp-block-image\"><figure class=\"alignleft size-large is-resized\"><img loading=\"lazy\" src=\"http:\/\/161.35.11.199\/wp-content\/uploads\/2020\/04\/jesuseascrianas-01_02_2020.jpg\" alt=\"\" class=\"wp-image-149\" width=\"314\" height=\"322\"\/><\/figure><\/div>\n\n\n\n<p><em>Voc\u00ea considera importante a prepara\u00e7\u00e3o da inf\u00e2ncia atrav\u00e9s da atividade de evangeliza\u00e7\u00e3o? Por que?<\/em><br>&nbsp;<br><strong>Divaldo:<\/strong>&nbsp;\u00c9 de alta import\u00e2ncia a tarefa da educa\u00e7\u00e3o esp\u00edrita das gera\u00e7\u00f5es novas. Colocamos aqui a express\u00e3o educa\u00e7\u00e3o esp\u00edrita, numa abrang\u00eancia maior do que a da evangeliza\u00e7\u00e3o, porque a evangeliza\u00e7\u00e3o pura e simples pode parecer uma quest\u00e3o j\u00e1 colocada por determinadas doutrinas religiosas do passado. Mas a educa\u00e7\u00e3o esp\u00edrita, trazendo a evangeliza\u00e7\u00e3o infanto-juvenil \u00e0 luz do Espiritismo, \u00e9 tarefa de emerg\u00eancia, mais do que de urg\u00eancia, porque a viol\u00eancia e a agressividade que hoje est\u00e3o nas nossas ruas s\u00e3o fruto da falta de educa\u00e7\u00e3o da massa, da educa\u00e7\u00e3o espiritual de profundidade. Diz-se muito que tudo isso \u00e9 o resultado, em linhas gerais, dos problemas s\u00f3cio-econ\u00f4micos. Os estudiosos especializados t\u00eam chegado \u00e0s muitas conclus\u00f5es. Lamentavelmente, ainda n\u00e3o temos, fora da \u00e1rea esp\u00edrita, um soci\u00f3logo, um pedagogo, que tenha chegado \u00e0 conclus\u00e3o de que tudo isso resulta de fatores morais, que s\u00e3o os geradores do ego\u00edsmo e, por consequ\u00eancia, dos fatores s\u00f3cio-econ\u00f4micos. A base \u00e9, portanto, o problema moral.<br>&nbsp; &nbsp; A educa\u00e7\u00e3o esp\u00edrita das gera\u00e7\u00f5es novas vai criar uma mentalidade sadia, porque ensinar\u00e1 \u00e0 crian\u00e7a, desde cedo, que o ber\u00e7o n\u00e3o \u00e9 o in\u00edcio da vida \u00e9 o come\u00e7o do corpo. Falando-lhe de reencarna\u00e7\u00e3o, situando no seu devido lugar a tarefa preponderante do Cristianismo, a obra da educa\u00e7\u00e3o das gera\u00e7\u00f5es novas preparar\u00e1 o novo mundo. \u00c9 assim, de muita import\u00e2ncia esse mister que os esp\u00edritas n\u00e3o devem deixar \u00e0 margem.<br>&nbsp; &nbsp; Temos ouvido alguns confrades: &#8221; Eu n\u00e3o for\u00e7o os meus filhos, para a evangeliza\u00e7\u00e3o esp\u00edrita, porque sou muito liberal.&#8221; Ao que poderia ajuntar: &#8220;Porque n\u00e3o tenho for\u00e7a moral.&#8221; Se o filho est\u00e1 doente, ele o for\u00e7a a tomar rem\u00e9dios; se o filho n\u00e3o quer ir \u00e0 escola, ele o exige. Isto porque acredita no rem\u00e9dio e na educa\u00e7\u00e3o. Mas n\u00e3o cr\u00ea na religi\u00e3o, quando afirma:&#8221;Vou deix\u00e1-lo crescer, depois ele escolher\u00e1.&#8221; Isto representa o mesmo que o deixar contaminar-se pelo t\u00e9tano ou outra enfermidade, para depois aplicar o rem\u00e9dio, elucidando-o: &#8220;Voc\u00ea viu que n\u00e3o deve pisar em prego enferrujado? Agora irei medic\u00e1-lo.&#8221; Ou, tuberculosos, falar-lhe dos preceitos da higiene e da sa\u00fade.<br>&nbsp; &nbsp; Se damos a melhor alimenta\u00e7\u00e3o, o melhor vestu\u00e1rio, o melhor col\u00e9gio, dentro das nossas possibilidades, aos filhos, porque n\u00e3o lhes damos a melhor religi\u00e3o, que \u00e9 aquela que j\u00e1 elegemos? Que os filhos, quando crescerem, deixem-na, que optem depois. Cumpre aos pais o dever de dar o que h\u00e1 de melhor. Se eles encontraram , no Espiritismo, a diretriz de liberta\u00e7\u00e3o, eis o melhor para dar, e n\u00e3o deixar os filhos escolherem, porque estes ainda n\u00e3o sabem discernir. Vamos orient\u00e1-los. Vamos &#8220;for\u00e7\u00e1-los&#8221;, motivando-os, levando-os, provando em casa, pelo nosso exemplo, que o Espiritismo \u00e9 o que h\u00e1 de melhor. N\u00e3o, como fazem muitos: obrigam os filhos irem \u00e0 evangeliza\u00e7\u00e3o e, em casa, n\u00e3o mant\u00e9m uma atitude esp\u00edrita. \u00c9 natural que os filhos recalcitrem, observando que tal n\u00e3o adianta, j\u00e1 que os pais dizem-se esp\u00edritas, mas na intimidade do lar decepcionam. Se, todavia, os pais s\u00e3o esp\u00edritas tamb\u00e9m em casa, eles ir\u00e3o, felizes, \u00e0s aulas de evangeliza\u00e7\u00e3o da juventude, porque est\u00e3o impregnados de exemplo. &nbsp;(Divaldo Pereira Franco,&nbsp;<em>Di\u00e1logo<\/em>, p.61-64)<\/p>\n","protected":false},"excerpt":{"rendered":"<p>Voc\u00ea considera importante a prepara\u00e7\u00e3o da inf\u00e2ncia atrav\u00e9s da atividade de evangeliza\u00e7\u00e3o? Por que?&nbsp;Divaldo:&nbsp;\u00c9 de alta import\u00e2ncia a tarefa da educa\u00e7\u00e3o esp\u00edrita das gera\u00e7\u00f5es novas. Colocamos aqui a express\u00e3o educa\u00e7\u00e3o esp\u00edrita, numa abrang\u00eancia maior do que a da evangeliza\u00e7\u00e3o, porque a evangeliza\u00e7\u00e3o pura e simples pode parecer uma quest\u00e3o j\u00e1 colocada por determinadas doutrinas religiosas [&hellip;]<\/p>\n","protected":false},"author":1,"featured_media":149,"comment_status":"open","ping_status":"open","sticky":false,"template":"","format":"standard","meta":[],"categories":[8],"tags":[],"amp_enabled":true,"_links":{"self":[{"href":"https:\/\/www.revistaautadesouza.com\/index.php\/wp-json\/wp\/v2\/posts\/147"}],"collection":[{"href":"https:\/\/www.revistaautadesouza.com\/index.php\/wp-json\/wp\/v2\/posts"}],"about":[{"href":"https:\/\/www.revistaautadesouza.com\/index.php\/wp-json\/wp\/v2\/types\/post"}],"author":[{"embeddable":true,"href":"https:\/\/www.revistaautadesouza.com\/index.php\/wp-json\/wp\/v2\/users\/1"}],"replies":[{"embeddable":true,"href":"https:\/\/www.revistaautadesouza.com\/index.php\/wp-json\/wp\/v2\/comments?post=147"}],"version-history":[{"count":0,"href":"https:\/\/www.revistaautadesouza.com\/index.php\/wp-json\/wp\/v2\/posts\/147\/revisions"}],"wp:featuredmedia":[{"embeddable":true,"href":"https:\/\/www.revistaautadesouza.com\/index.php\/wp-json\/wp\/v2\/media\/149"}],"wp:attachment":[{"href":"https:\/\/www.revistaautadesouza.com\/index.php\/wp-json\/wp\/v2\/media?parent=147"}],"wp:term":[{"taxonomy":"category","embeddable":true,"href":"https:\/\/www.revistaautadesouza.com\/index.php\/wp-json\/wp\/v2\/categories?post=147"},{"taxonomy":"post_tag","embeddable":true,"href":"https:\/\/www.revistaautadesouza.com\/index.php\/wp-json\/wp\/v2\/tags?post=147"}],"curies":[{"name":"wp","href":"https:\/\/api.w.org\/{rel}","templated":true}]}}