{"id":1276,"date":"2020-05-26T21:01:17","date_gmt":"2020-05-27T00:01:17","guid":{"rendered":"http:\/\/161.35.11.199\/?p=1276"},"modified":"2021-03-06T15:52:44","modified_gmt":"2021-03-06T18:52:44","slug":"jesus-o-guia-e-modelo-mais-perfeito","status":"publish","type":"post","link":"https:\/\/www.revistaautadesouza.com\/index.php\/2020\/05\/26\/jesus-o-guia-e-modelo-mais-perfeito\/","title":{"rendered":"JESUS &#8211; O guia e modelo mais perfeito"},"content":{"rendered":"\n<p><em>\u201c Qual o tipo mais perfeito que Deus tem oferecido ao homem, para lhe servir de guia e modelo?<\/em><br>Jesus.<\/p>\n\n\n\n<div class=\"wp-block-image\"><figure class=\"alignleft size-large is-resized\"><img loading=\"lazy\" src=\"http:\/\/161.35.11.199\/wp-content\/uploads\/2020\/05\/Cristo-1000-1300-06_04_2019-1-788x1024.jpg\" alt=\"\" class=\"wp-image-1277\" width=\"503\" height=\"653\" srcset=\"https:\/\/www.revistaautadesouza.com\/wp-content\/uploads\/2020\/05\/Cristo-1000-1300-06_04_2019-1-788x1024.jpg 788w, https:\/\/www.revistaautadesouza.com\/wp-content\/uploads\/2020\/05\/Cristo-1000-1300-06_04_2019-1-231x300.jpg 231w, https:\/\/www.revistaautadesouza.com\/wp-content\/uploads\/2020\/05\/Cristo-1000-1300-06_04_2019-1-768x998.jpg 768w, https:\/\/www.revistaautadesouza.com\/wp-content\/uploads\/2020\/05\/Cristo-1000-1300-06_04_2019-1.jpg 1000w\" sizes=\"(max-width: 503px) 100vw, 503px\" \/><\/figure><\/div>\n\n\n\n<p>Para o homem, Jesus constitui o tipo da perfei\u00e7\u00e3o moral a que a Humanidade pode aspirar na Terra. Deus no-lo oferece como o mais perfeito modelo e a doutrina que ensinou \u00e9 a express\u00e3o mais pura da lei do Senhor, porque, sendo ele o mais puro de quantos t\u00eam aparecido na Terra, o Esp\u00edrito Divino o animava.<\/p>\n\n\n\n<p>Quanto aos que, pretendendo instruir o homem na lei de Deus, o t\u00eam transviado, ensinando-lhe falsos princ\u00edpios, isso aconteceu por haverem deixado que os dominassem sentimentos demasiado terrenos e por terem confundido as leis que regulam as condi\u00e7\u00f5es da vida da alma, com as que regem a vida do corpo. Muitos h\u00e3o apresentado como leis divinas simples leis humanas estatu\u00eddas para servir \u00e0s paix\u00f5es e dominar os homens.\u201d<br>(Allan Kardec. O livro dos Esp\u00edritos. FEB. 33.ed., perg. 625)<\/p>\n\n\n\n<p><strong>A dire\u00e7\u00e3o do planeta Terra<\/strong><\/p>\n\n\n\n<p>\u201cJesus, cuja perfei\u00e7\u00e3o se perde na noite imperscrut\u00e1vel das eras, personificando a sabedoria e o amor, tem orientado todo o desenvolvimento da Humanidade terrena, enviando os seus iluminados mensageiros, em todos os tempos, aos agrupamentos humanos e, assim como presidiu \u00e0 forma\u00e7\u00e3o do orbe, dirigindo, como Divino Inspirador, a quantos colaboraram na tarefa da elabora\u00e7\u00e3o geol\u00f3gica do planeta e da dissemina\u00e7\u00e3o da vida em todos os laborat\u00f3rios da Natureza, desde que o homem conquistou a racionalidade, vem-lhe fornecendo a ideias da sua divina origem, o tesouro das concep\u00e7\u00f5es de Deus e da imortalidade do esp\u00edrito, revelando-lhe, em cada \u00e9poca, aquilo que a sua compreens\u00e3o pode abranger.\u201d Emmanuel. <em>Emmanuel<\/em>. FEB. 7.ed., p.20)<\/p>\n\n\n\n<p><strong>O Divino Legado<\/strong><\/p>\n\n\n\n<p>\u201c O divino legado de Jesus, que a Humanidade Terrena ainda n\u00e3o quis aceitar e n\u00e3o p\u00f4de perceber, \u00e9 o de um mundo feliz, de paz e amor, sem injusti\u00e7as, sem opr\u00f3brios, sem mis\u00e9ria, sem orfandade, sem crimes e nem \u00f3dios, sem fratric\u00eddios e sem guerras, onde todos, solid\u00e1rios e progressistas, criar\u00e3o a Beleza, desenvolver\u00e3o a Ci\u00eancia e as Artes, a Filosofia e a T\u00e9cnica, com trabalho digno e repouso honesto, na nobreza do lar&nbsp; na administra\u00e7\u00e3o operosa e esclarecida.\u201d (\u00c1ureo. <em>Universo e vida<\/em>. Psicografado por Hernani T. Sant&#8217;Anna.FEB. 4.ed., p.123-124)<\/p>\n\n\n\n<figure class=\"wp-block-image\"><img alt=\"\"\/><\/figure>\n\n\n\n<p><strong>Deus e Jesus<\/strong><\/p>\n\n\n\n<p>\u201cAo lermos as p\u00e1ginas lustrais dos Evangelhos, \u00e9 emocionante constatarmos o amor supremo e constante que Jesus revela pelo seu Pai Celeste:<\/p>\n\n\n\n<p>\u201cEu e o Pai somos um. Estou Nele e Ele em mim. Ningu\u00e9m conhece o Filho sen\u00e3o o Pai, e ningu\u00e9m conhece o Pai sen\u00e3o o Filho. O Pai ama Filho e tudo confiou \u00e0s suas m\u00e3os. Tudo o que \u00e9 dele \u00e9 meu.<\/p>\n\n\n\n<p>Meu Pai trabalha sempre, e eu trabalho tamb\u00e9m.<\/p>\n\n\n\n<p>Pai, santificado seja o teu nome, venha o teu reino!<\/p>\n\n\n\n<p>Todo aquele que meu Pai me d\u00e1 vir\u00e1 a mim, e eu de modo algum o lan\u00e7arei fora. Honro a meu Pai, e se algu\u00e9m me servir, meu Pai o honrar\u00e1.<\/p>\n\n\n\n<p>Sede perfeitos com \u00e9 o Vosso Pai Celeste. Se v\u00f3s, que sois maus, sabeis dar boas d\u00e1divas aos vossos filhos, quanto mais vosso Pai que est\u00e1 nos c\u00e9us. Sede misericordiosos como o vosso Pai.<\/p>\n\n\n\n<p>Pai, nas tuas m\u00e3os entrego a meu esp\u00edrito!<\/p>\n\n\n\n<p>O Filho do Homem h\u00e1 de vir na gl\u00f3ria do seu Pai, com os seus anjos, e ent\u00e3o retribuir\u00e1 a cada um conforme as suas obras.<\/p>\n\n\n\n<p>Pai, tudo te \u00e9 poss\u00edvel!<\/p>\n\n\n\n<p>Subo para meu Pai e vosso Pai, meu Deus e vosso Deus.<\/p>\n\n\n\n<p>Meu Pai \u00e9 maior do que eu.\u201d<\/p>\n\n\n\n<p>(Mateus, 5:48, 7:11, 11:27, 16:27; Marcos 14:36; Lucas 6:36, 11:12, 23:34, 23:36 e Jo\u00e3o 5:17, 6:37, 8:49, 12:26, 14:2, 10 a 28, 16:15 e 20:17)<\/p>\n\n\n\n<p>Em sua completa comunh\u00e3o como Pai Criador, nosso divino Mestre foi modelo perfeito da completa obedi\u00eancia ao Supremo Senhor, a quem sempre fez quest\u00e3o de testemunhar fidelidade filial absoluta. \u201cQuem fala por si mesmo &#8211; disse &#8211; est\u00e1 procurando a sua pr\u00f3pria gl\u00f3ria; mas o que procura a gl\u00f3ria de quem o enviou, esse \u00e9 verdadeiro.\u201d<\/p>\n\n\n\n<p>E acrescentou:<\/p>\n\n\n\n<p>\u201cN\u00e3o vim de moto pr\u00f3prio, vim de Deus, que me enviou. N\u00e3o falo por mim mesmo: digo no mundo o que aprendi de meu Pai, o que ele me ordenou anunciar. Quem \u00e9 de Deus ouve as palavras de Deus. As Palavras que vos digo s\u00e3o esp\u00edrito e vida (Jo\u00e3o 6:63, 8:28, 42-47, e 13:49-50).\u201d(Hernani T. Sant\u2019Anna, Nota\u00e7\u00f5es de um aprendiz, P. 21-22).<br><\/p>\n\n\n\n<p>Quer saber mais? Estude o livro\u00a0<strong><em>Conhe\u00e7a o  Espiritismo<\/em><\/strong>\u00a0<a rel=\"noreferrer noopener\" href=\"http:\/\/www.editoraautadesouza.com.br\/\" target=\"_blank\">editoraautadesouza.com.br<\/a><\/p>\n","protected":false},"excerpt":{"rendered":"<p> Qual o tipo mais perfeito que Deus tem oferecido ao homem, como guia e modelo?<\/p>\n","protected":false},"author":5,"featured_media":1279,"comment_status":"open","ping_status":"open","sticky":false,"template":"","format":"standard","meta":[],"categories":[11],"tags":[],"amp_enabled":true,"_links":{"self":[{"href":"https:\/\/www.revistaautadesouza.com\/index.php\/wp-json\/wp\/v2\/posts\/1276"}],"collection":[{"href":"https:\/\/www.revistaautadesouza.com\/index.php\/wp-json\/wp\/v2\/posts"}],"about":[{"href":"https:\/\/www.revistaautadesouza.com\/index.php\/wp-json\/wp\/v2\/types\/post"}],"author":[{"embeddable":true,"href":"https:\/\/www.revistaautadesouza.com\/index.php\/wp-json\/wp\/v2\/users\/5"}],"replies":[{"embeddable":true,"href":"https:\/\/www.revistaautadesouza.com\/index.php\/wp-json\/wp\/v2\/comments?post=1276"}],"version-history":[{"count":2,"href":"https:\/\/www.revistaautadesouza.com\/index.php\/wp-json\/wp\/v2\/posts\/1276\/revisions"}],"predecessor-version":[{"id":2360,"href":"https:\/\/www.revistaautadesouza.com\/index.php\/wp-json\/wp\/v2\/posts\/1276\/revisions\/2360"}],"wp:featuredmedia":[{"embeddable":true,"href":"https:\/\/www.revistaautadesouza.com\/index.php\/wp-json\/wp\/v2\/media\/1279"}],"wp:attachment":[{"href":"https:\/\/www.revistaautadesouza.com\/index.php\/wp-json\/wp\/v2\/media?parent=1276"}],"wp:term":[{"taxonomy":"category","embeddable":true,"href":"https:\/\/www.revistaautadesouza.com\/index.php\/wp-json\/wp\/v2\/categories?post=1276"},{"taxonomy":"post_tag","embeddable":true,"href":"https:\/\/www.revistaautadesouza.com\/index.php\/wp-json\/wp\/v2\/tags?post=1276"}],"curies":[{"name":"wp","href":"https:\/\/api.w.org\/{rel}","templated":true}]}}