{"id":1236,"date":"2020-05-22T15:21:46","date_gmt":"2020-05-22T18:21:46","guid":{"rendered":"http:\/\/161.35.11.199\/?p=1236"},"modified":"2020-06-06T15:32:53","modified_gmt":"2020-06-06T18:32:53","slug":"divaldo-e-o-espiritismo","status":"publish","type":"post","link":"https:\/\/www.revistaautadesouza.com\/index.php\/2020\/05\/22\/divaldo-e-o-espiritismo\/","title":{"rendered":"Divaldo e o Espiritismo"},"content":{"rendered":"\n<p><strong>A primeira Vid\u00eancia de Divaldo<\/strong><\/p>\n\n\n\n<p>Aos quatro anos de idade, Divaldo brincava na sala de casa, quando uma senhora desconhecida entrou e pediu que chamasse sua m\u00e3e. O menino chamou. A m\u00e3e, Ana, apareceu, mas, como n\u00e3o viu qualquer&nbsp;outra pessoa na sala, reclamou com o filho e voltou a se debru\u00e7ar sobre o que fazia. Era d\u00e9cada de 30 e, o cen\u00e1rio, Feira de Santana, na Bahia. Ao contr\u00e1rio da m\u00e3e, Divaldo Pereira Franco enxergava e ouvia com toda a clareza a visita.<\/p>\n\n\n\n<div class=\"wp-block-image\"><figure class=\"alignleft size-large is-resized\"><img loading=\"lazy\" src=\"http:\/\/161.35.11.199\/wp-content\/uploads\/2020\/05\/divaldo-franco.jpg\" alt=\"\" class=\"wp-image-1237\" width=\"360\" height=\"240\" srcset=\"https:\/\/www.revistaautadesouza.com\/wp-content\/uploads\/2020\/05\/divaldo-franco.jpg 600w, https:\/\/www.revistaautadesouza.com\/wp-content\/uploads\/2020\/05\/divaldo-franco-300x200.jpg 300w\" sizes=\"(max-width: 360px) 100vw, 360px\" \/><\/figure><\/div>\n\n\n\n<p>\u201cDiga a Ana que eu sou sua av\u00f3, Maria Senhorinha\u2019\u2019. \u00c0 \u00e9poca, crian\u00e7a, ele n\u00e3o sabia o que era av\u00f3, nem que a partir dali embarcaria no mundo da mediunidade, \u201cTudo sempre foi muito natural para mim\u2019\u2019, diz, hoje, aos 83 anos.<\/p>\n\n\n\n<p>Divaldo \u00e9 um verdadeiro ap\u00f3stolo do Espiritismo. Dos seus oitenta e tr\u00eas anos, sessenta e tr\u00eas foram devotados \u00e0 causa Esp\u00edrita e \u00e0s crian\u00e7as exclu\u00eddas. Nasceu em 5 de maio de 1927, na cidade de Feira de Santana, Bahia, e desde a inf\u00e2ncia se comunica com os esp\u00edritos. Cursou a Escola Normal Rural de Feira de Santana, recebendo o diploma de professor prim\u00e1rio, em 1943. Trabalhou como escritur\u00e1rio no antigo IPASE, em Salvador, aposentando-se em 1980.<br><br>\u00c9 reconhecido como um dos maiores m\u00e9diuns e oradores Esp\u00edritas da atualidade e o maior divulgador da Doutrina Esp\u00edrita por todo o Mundo.<br><br>Seu curr\u00edculo revela um ex\u00edmio e devotado educador com mais de 600 filhos adotivos e mais de 200 netos e bisnetos, atendendo atualmente a cerca de 3.000 crian\u00e7as, adolescentes e jovens de fam\u00edlias de baixa renda, por dia, em regime de semi-internato e externato.<br><br>Orador com mais de 13.000 confer\u00eancias, em mais de 2.000 cidades em todo o Brasil e em 64 pa\u00edses dos 5 continentes, tendo concedido 1.500 entrevistas para r\u00e1dio e TV, no Brasil e no Exterior. Recebeu mais de 600 homenagens, de institui\u00e7\u00f5es culturais, sociais, religiosas, pol\u00edticas e governamentais.<br><br>Como m\u00e9dium, publicou 250 livros, com mais de 8 milh\u00f5es de exemplares, onde se apresentam 211 Autores Espirituais, muitos deles ocupando lugar de destaque na literatura, no pensamento e na religiosidade universais. Dessas obras, houve 92 vers\u00f5es para 16 idiomas (alem\u00e3o, alban\u00eas, catal\u00e3o, espanhol, esperanto, franc\u00eas, holand\u00eas, h\u00fangaro, ingl\u00eas, italiano, noruegu\u00eas, polon\u00eas, tcheco, turco, russo, sueco e sistema Braille). Al\u00e9m de 17 escritos por outros autores, sobre sua vida e sua obra. A renda proveniente da venda dessas obras, bem como os direitos autorais foram doados, em Cart\u00f3rio, \u00e0 Mans\u00e3o do Caminho e outras entidades filantr\u00f3picas.<br><br>Esp\u00edrita convicto, fundou o Centro Esp\u00edrita Caminho da Reden\u00e7\u00e3o em 7 de setembro de 1947. Dois anos depois, iniciou a sua tarefa de psicografia. Diversas mensagens foram escritas por seu interm\u00e9dio. Sob a orienta\u00e7\u00e3o dos Benfeitores Espirituais guardou o que escreveu, at\u00e9 que um dia recebeu a recomenda\u00e7\u00e3o para queimar tudo o que escrevera at\u00e9 ali, pois n\u00e3o passava de simples exerc\u00edcio. Com a continua\u00e7\u00e3o, vieram novas mensagens assinadas por diversos Esp\u00edritos, dentre eles: Joanna de \u00c2ngelis, que durante muito tempo apresentava-se como Um Esp\u00edrito Amigo, ocultando-se no anonimato \u00e0 espera do instante oportuno para se identificar. Joanna revelou-se como sua orientadora espiritual, escrevendo in\u00fameras mensagens, num estilo agrad\u00e1vel repassado de profunda sabedoria e infinito amor, que conforta as pessoas necessitadas dando diretriz espiritual.<br><br>Em 1964, Divaldo, sob orienta\u00e7\u00e3o de Joanna de \u00c2ngelis, selecionou v\u00e1rias mensagens de autoria da mentora e enfeixou-as no livro Messe de Amor, que se tornou o primeiro livro psicografado por Divaldo. Atualmente, o m\u00e9dium conta com 250 t\u00edtulos publicados, incluindo os biogr\u00e1ficos que retratam sua vida e obra.<br><br><strong>Mans\u00e3o do Caminho<\/strong><br>Divaldo Pereira Franco \u00e9 em\u00e9rito educador. Fundou em 1952, na cidade de Salvador, Bahia, com Nilson de Souza Pereira, a Mans\u00e3o do Caminho, institui\u00e7\u00e3o que acolheu e educou crian\u00e7as sob o regime de Lares Substitutos. Em 20 Casas Lares, educou mais de 600 filhos, hoje emancipados, a maioria com fam\u00edlia constitu\u00edda. Na d\u00e9cada de 60, iniciou a constru\u00e7\u00e3o de escolas, oficinas profissionalizantes e atendimento m\u00e9dico.<br>Hoje, a Mans\u00e3o do Caminho \u00e9 um admir\u00e1vel complexo educacional com 83.000m2 e 50 edifica\u00e7\u00f5es que atende a 3.000 crian\u00e7as e jovens de fam\u00edlias de baixa renda, na Rua Jaime Vieira Lima, n\u00b0 1, Pau da Lima, um dos bairros perif\u00e9ricos mais carentes de Salvador. O complexo atende a diversas atividades s\u00f3cio educacionais como: enxovais, Pr\u00e9-Natal, Creche, escolas de ensino fundamental e m\u00e9dio, Inform\u00e1tica, Cer\u00e2mica, Panifica\u00e7\u00e3o, Bordado, Reciclagem de Papel, Centro M\u00e9dico, Laborat\u00f3rio de An\u00e1lises Cl\u00ednicas, Atendimento Fraterno, Caravana Auta de Souza, Casa da Cordialidade e Bibliotecas.<br>Mais de 35.000 crian\u00e7as passaram, at\u00e9 hoje, pelos v\u00e1rios cursos e oficinas da Mans\u00e3o do Caminho. A obra \u00e9 basicamente mantida com a venda dos livros medi\u00fanicos e das fitas gravadas nas palestras, semin\u00e1rios, entrevistas e mensagens por Divaldo.<br><br>Fontes: http:\/\/www.divaldofranco.com\/biografia.php<br>http:\/\/www.partidaechegada.com\/2010\/04\/divaldo-franco-fala-sobre-infancia.html<\/p>\n\n\n\n<figure class=\"wp-block-image size-large is-resized\"><img loading=\"lazy\" src=\"http:\/\/161.35.11.199\/wp-content\/uploads\/2020\/05\/joanna.jpg\" alt=\"\" class=\"wp-image-1238\" width=\"368\" height=\"308\"\/><\/figure>\n","protected":false},"excerpt":{"rendered":"<p>Venha conhecer um dos ap\u00f3stolos do espiritismo mais dedicados!<\/p>\n","protected":false},"author":4,"featured_media":1345,"comment_status":"open","ping_status":"open","sticky":false,"template":"","format":"standard","meta":[],"categories":[4],"tags":[],"amp_enabled":true,"_links":{"self":[{"href":"https:\/\/www.revistaautadesouza.com\/index.php\/wp-json\/wp\/v2\/posts\/1236"}],"collection":[{"href":"https:\/\/www.revistaautadesouza.com\/index.php\/wp-json\/wp\/v2\/posts"}],"about":[{"href":"https:\/\/www.revistaautadesouza.com\/index.php\/wp-json\/wp\/v2\/types\/post"}],"author":[{"embeddable":true,"href":"https:\/\/www.revistaautadesouza.com\/index.php\/wp-json\/wp\/v2\/users\/4"}],"replies":[{"embeddable":true,"href":"https:\/\/www.revistaautadesouza.com\/index.php\/wp-json\/wp\/v2\/comments?post=1236"}],"version-history":[{"count":0,"href":"https:\/\/www.revistaautadesouza.com\/index.php\/wp-json\/wp\/v2\/posts\/1236\/revisions"}],"wp:featuredmedia":[{"embeddable":true,"href":"https:\/\/www.revistaautadesouza.com\/index.php\/wp-json\/wp\/v2\/media\/1345"}],"wp:attachment":[{"href":"https:\/\/www.revistaautadesouza.com\/index.php\/wp-json\/wp\/v2\/media?parent=1236"}],"wp:term":[{"taxonomy":"category","embeddable":true,"href":"https:\/\/www.revistaautadesouza.com\/index.php\/wp-json\/wp\/v2\/categories?post=1236"},{"taxonomy":"post_tag","embeddable":true,"href":"https:\/\/www.revistaautadesouza.com\/index.php\/wp-json\/wp\/v2\/tags?post=1236"}],"curies":[{"name":"wp","href":"https:\/\/api.w.org\/{rel}","templated":true}]}}